{"id":58253,"date":"2019-08-16T10:40:06","date_gmt":"2019-08-16T13:40:06","guid":{"rendered":"https:\/\/eldiariodesanpedro.com.ar\/sitio\/?p=58253"},"modified":"2019-08-16T10:40:10","modified_gmt":"2019-08-16T13:40:10","slug":"zarate-caffaro-cede-terreno-a-la-sociedad-protectora-de-animales","status":"publish","type":"post","link":"https:\/\/eldiariodesanpedro.com.ar\/sitio\/zarate-caffaro-cede-terreno-a-la-sociedad-protectora-de-animales\/","title":{"rendered":"Z\u00c1RATE | C\u00e1ffaro cede terreno a la Sociedad Protectora de Animales"},"content":{"rendered":"<!-- VideographyWP Plugin Message: Automatic video embedding prevented by plugin options. -->\n\n<p><strong>Siendo Ciudad Macota programa de vacunaci\u00f3n y castraci\u00f3n para perros y gatos, bromatolog\u00eda y zoonosis de la Secretar\u00eda de Salud a cargo de la Dra Nu\u00f1ez Roxana.<\/strong><\/p>\n\n\n\n<p>En pasado jueves los concejales aprobaron por unanimidad Ordenanza N\u00ba 4741, enviada por el Departamento Ejecutivo, en la cual cede el Intendente Osvaldo C\u00e1ffaro a la Sociedad Protectora de Animales, terreno en car\u00e1cter de pr\u00e9stamo para ser utilizado como sede social de la entidad, desarrollo de protecci\u00f3n y cuidado de canes, instalaci\u00f3n de caniles, actividades sociales y\/o culturales.<\/p>\n\n\n\n<p>Teniendo como objetivo, la aprobaci\u00f3n de dicha ordenanza, complementar y vincular las actividades p\u00fablicas con las entidades correspondientes que ya se encuentran realizando actividades referidas al cuidado y protecci\u00f3n de mascotas y animales<\/p>\n\n\n\n<p><strong>Fuente:&nbsp;<\/strong>Noticias Z\u00e1rate Alerta&nbsp;<\/p>\n","protected":false},"excerpt":{"rendered":"<p>Siendo Ciudad Macota programa de vacunaci\u00f3n y castraci\u00f3n para perros y gatos, bromatolog\u00eda y zoonosis de la Secretar\u00eda de Salud a cargo de la Dra Nu\u00f1ez Roxana. En pasado jueves los concejales aprobaron por unanimidad Ordenanza N\u00ba 4741, enviada por el Departamento Ejecutivo, en la cual cede el Intendente Osvaldo C\u00e1ffaro a la Sociedad Protectora [&hellip;]<\/p>\n","protected":false},"author":4,"featured_media":58254,"comment_status":"open","ping_status":"closed","sticky":false,"template":"","format":"standard","meta":{"om_disable_all_campaigns":false,"_jetpack_memberships_contains_paid_content":false,"footnotes":""},"categories":[621],"tags":[],"class_list":["post-58253","post","type-post","status-publish","format-standard","has-post-thumbnail","hentry","category-regionales"],"aioseo_notices":[],"gutentor_comment":0,"jetpack_featured_media_url":"https:\/\/eldiariodesanpedro.com.ar\/sitio\/wp-content\/uploads\/2019\/08\/a6a83019_4315_4832_a4ec_b439b3e146af.jpg","jetpack_shortlink":"https:\/\/wp.me\/p6RhLt-f9z","jetpack_sharing_enabled":true,"_links":{"self":[{"href":"https:\/\/eldiariodesanpedro.com.ar\/sitio\/wp-json\/wp\/v2\/posts\/58253","targetHints":{"allow":["GET"]}}],"collection":[{"href":"https:\/\/eldiariodesanpedro.com.ar\/sitio\/wp-json\/wp\/v2\/posts"}],"about":[{"href":"https:\/\/eldiariodesanpedro.com.ar\/sitio\/wp-json\/wp\/v2\/types\/post"}],"author":[{"embeddable":true,"href":"https:\/\/eldiariodesanpedro.com.ar\/sitio\/wp-json\/wp\/v2\/users\/4"}],"replies":[{"embeddable":true,"href":"https:\/\/eldiariodesanpedro.com.ar\/sitio\/wp-json\/wp\/v2\/comments?post=58253"}],"version-history":[{"count":1,"href":"https:\/\/eldiariodesanpedro.com.ar\/sitio\/wp-json\/wp\/v2\/posts\/58253\/revisions"}],"predecessor-version":[{"id":58255,"href":"https:\/\/eldiariodesanpedro.com.ar\/sitio\/wp-json\/wp\/v2\/posts\/58253\/revisions\/58255"}],"wp:featuredmedia":[{"embeddable":true,"href":"https:\/\/eldiariodesanpedro.com.ar\/sitio\/wp-json\/wp\/v2\/media\/58254"}],"wp:attachment":[{"href":"https:\/\/eldiariodesanpedro.com.ar\/sitio\/wp-json\/wp\/v2\/media?parent=58253"}],"wp:term":[{"taxonomy":"category","embeddable":true,"href":"https:\/\/eldiariodesanpedro.com.ar\/sitio\/wp-json\/wp\/v2\/categories?post=58253"},{"taxonomy":"post_tag","embeddable":true,"href":"https:\/\/eldiariodesanpedro.com.ar\/sitio\/wp-json\/wp\/v2\/tags?post=58253"}],"curies":[{"name":"wp","href":"https:\/\/api.w.org\/{rel}","templated":true}]}}