{"id":58250,"date":"2019-08-16T10:23:28","date_gmt":"2019-08-16T13:23:28","guid":{"rendered":"https:\/\/eldiariodesanpedro.com.ar\/sitio\/?p=58250"},"modified":"2019-08-16T10:23:32","modified_gmt":"2019-08-16T13:23:32","slug":"tras-la-derrota-electoral-el-radicalismo-bonaerense-piensa-cortarse-solo-de-cara-a-octubre","status":"publish","type":"post","link":"https:\/\/eldiariodesanpedro.com.ar\/sitio\/tras-la-derrota-electoral-el-radicalismo-bonaerense-piensa-cortarse-solo-de-cara-a-octubre\/","title":{"rendered":"Tras la derrota electoral, el radicalismo bonaerense piensa cortarse solo de cara a octubre"},"content":{"rendered":"<!-- VideographyWP Plugin Message: Automatic video embedding prevented by plugin options. -->\n\n<p><strong>Tras recibir una verdadera paliza en las urnas, el radicalismo bonaerense se junt\u00f3 en el Comit\u00e9 central para analizar c\u00f3mo viene la situaci\u00f3n pol\u00edtica nacional y provincial luego del resultado electoral.<\/strong><\/p>\n\n\n\n<p>Las caras largas coparon la jornada que se extendi\u00f3 hasta horas de la noche, donde los afiliados del centenario partido hicieron su catarsis, ante la escucha del presidente Daniel Salvador, uno de los protagonistas de la derrota.&nbsp;<\/p>\n\n\n\n<p>\u201cLas prioridades de la gente no fueron las mismas que las del Gobierno. El Gobierno reivindica la lucha contra las mafias, la reforma policial y las obras, pero esa no fue la prioridad de los electores, que priorizaron la cuesti\u00f3n econ\u00f3mica\u00bb, destacaron desde el Comit\u00e9 al hacer una lectura de la derrota.<\/p>\n\n\n\n<p>Son varios los intendentes que ahora ven complicado su futuro electoral y eso gener\u00f3 bronca. Ellos creen que hicieron un buen trabajo en gesti\u00f3n y ahora enfrentan un oscuro panorama debido a, entre otras cosas, que no fueron tenidos en cuenta a la hora de tomar decisiones.<\/p>\n\n\n\n<p>Por eso, muchos plantearon la necesidad de, primero, cuidar el pago chico y, despu\u00e9s, militar la boleta de Mar\u00eda Eugenia Vidal y Mauricio Macri de cara a octubre. Despu\u00e9s del 10 de diciembre, se definir\u00e1 cu\u00e1l ser\u00e1 el futuro de la UCR que, hasta ahora, parece incierto.&nbsp;<\/p>\n\n\n\n<p>\u201cLo que le ha pasado en los \u00faltimos a\u00f1os el radicalismo es que ha perdido su identidad y capacidad de ser representante de una opini\u00f3n ponderable de la ciudadan\u00eda argentina\u201d sostuvo d\u00edas atr\u00e1s el titular de la Convenci\u00f3n Nacional Jorge Sappia en una entrevista con Radio Cooperativa.&nbsp;<\/p>\n\n\n\n<p>En tanto, sobre los gobernadores de su partido que se presentaron en la elecci\u00f3n sostuvo que \u201chan perdido su elecci\u00f3n por haber arriado la bandera del radicalismo sin tener el sentido del ser radical\u201d.<\/p>\n\n\n\n<p>El propio presidente del partido a nivel nacional, Alfredo Cornejo, lanz\u00f3 duros cuestionamientos y hasta autocr\u00edtica sobre su rol como radical dentro de la mesa chica del extinto Cambiemos, hoy transformado en Juntos por el Cambio.<\/p>\n\n\n\n<p>Con la catarsis de anoche, el radicalismo bonaerense llevar\u00e1 sus reclamos a la propia Gobernadora, con quien se reunir\u00e1 a mediados de la semana pr\u00f3xima.&nbsp;<\/p>\n\n\n\n<p><strong>Fuente:&nbsp;<\/strong>La Tecla info&nbsp;<\/p>\n","protected":false},"excerpt":{"rendered":"<p>Tras recibir una verdadera paliza en las urnas, el radicalismo bonaerense se junt\u00f3 en el Comit\u00e9 central para analizar c\u00f3mo viene la situaci\u00f3n pol\u00edtica nacional y provincial luego del resultado electoral. Las caras largas coparon la jornada que se extendi\u00f3 hasta horas de la noche, donde los afiliados del centenario partido hicieron su catarsis, ante [&hellip;]<\/p>\n","protected":false},"author":4,"featured_media":58251,"comment_status":"open","ping_status":"closed","sticky":false,"template":"","format":"standard","meta":{"om_disable_all_campaigns":false,"_jetpack_memberships_contains_paid_content":false,"footnotes":""},"categories":[621],"tags":[],"class_list":["post-58250","post","type-post","status-publish","format-standard","has-post-thumbnail","hentry","category-regionales"],"aioseo_notices":[],"gutentor_comment":0,"jetpack_featured_media_url":"https:\/\/eldiariodesanpedro.com.ar\/sitio\/wp-content\/uploads\/2019\/08\/101871_3.jpg","jetpack_shortlink":"https:\/\/wp.me\/p6RhLt-f9w","jetpack_sharing_enabled":true,"_links":{"self":[{"href":"https:\/\/eldiariodesanpedro.com.ar\/sitio\/wp-json\/wp\/v2\/posts\/58250","targetHints":{"allow":["GET"]}}],"collection":[{"href":"https:\/\/eldiariodesanpedro.com.ar\/sitio\/wp-json\/wp\/v2\/posts"}],"about":[{"href":"https:\/\/eldiariodesanpedro.com.ar\/sitio\/wp-json\/wp\/v2\/types\/post"}],"author":[{"embeddable":true,"href":"https:\/\/eldiariodesanpedro.com.ar\/sitio\/wp-json\/wp\/v2\/users\/4"}],"replies":[{"embeddable":true,"href":"https:\/\/eldiariodesanpedro.com.ar\/sitio\/wp-json\/wp\/v2\/comments?post=58250"}],"version-history":[{"count":1,"href":"https:\/\/eldiariodesanpedro.com.ar\/sitio\/wp-json\/wp\/v2\/posts\/58250\/revisions"}],"predecessor-version":[{"id":58252,"href":"https:\/\/eldiariodesanpedro.com.ar\/sitio\/wp-json\/wp\/v2\/posts\/58250\/revisions\/58252"}],"wp:featuredmedia":[{"embeddable":true,"href":"https:\/\/eldiariodesanpedro.com.ar\/sitio\/wp-json\/wp\/v2\/media\/58251"}],"wp:attachment":[{"href":"https:\/\/eldiariodesanpedro.com.ar\/sitio\/wp-json\/wp\/v2\/media?parent=58250"}],"wp:term":[{"taxonomy":"category","embeddable":true,"href":"https:\/\/eldiariodesanpedro.com.ar\/sitio\/wp-json\/wp\/v2\/categories?post=58250"},{"taxonomy":"post_tag","embeddable":true,"href":"https:\/\/eldiariodesanpedro.com.ar\/sitio\/wp-json\/wp\/v2\/tags?post=58250"}],"curies":[{"name":"wp","href":"https:\/\/api.w.org\/{rel}","templated":true}]}}