{"id":58247,"date":"2019-08-16T10:21:49","date_gmt":"2019-08-16T13:21:49","guid":{"rendered":"https:\/\/eldiariodesanpedro.com.ar\/sitio\/?p=58247"},"modified":"2019-08-16T10:21:53","modified_gmt":"2019-08-16T13:21:53","slug":"zarate-productora-de-cine-trucha-estafo-a-grupo-de-artistas-con-una-serie-para-netflix-que-se-iba-a-grabar-en-la-ciudad","status":"publish","type":"post","link":"https:\/\/eldiariodesanpedro.com.ar\/sitio\/zarate-productora-de-cine-trucha-estafo-a-grupo-de-artistas-con-una-serie-para-netflix-que-se-iba-a-grabar-en-la-ciudad\/","title":{"rendered":"Z\u00c1RATE | Productora de cine trucha estaf\u00f3 a grupo de artistas con \u201cuna serie para Netflix\u201d que se iba a grabar en la ciudad"},"content":{"rendered":"<!-- VideographyWP Plugin Message: Automatic video embedding prevented by plugin options. -->\n\n<p><strong>Vecinos de Z\u00e1rate denunciaron a una mujer por contratarlos para trabajar en una tira de ficci\u00f3n pero&nbsp;<em>\u201cnunca\u201d<\/em>les pag\u00f3.&nbsp;<em>\u201cHubo situaciones de maltrato, manipulaci\u00f3n y amenazas\u201d,&nbsp;<\/em>se\u00f1al\u00f3 uno de los damnificados.<\/strong><\/p>\n\n\n\n<p>Un colectivo de&nbsp;actores, camar\u00f3grafos, sonidistas, montajistas&nbsp;y asistentes acusaron a&nbsp;la propietaria de una productora de&nbsp;<em>\u201cestafarlos econ\u00f3mica y moralmente\u201d&nbsp;<\/em>con&nbsp;una serie&nbsp;grabada en la localidad bonaerense de&nbsp;Z\u00e1rate&nbsp;y que \u201c<em>emitir\u00eda por Netflix\u201d. \u201cComo la denunciamos, desapareci\u00f3 de la ciudad&nbsp;pero&nbsp;sigue estafando gente\u201d<\/em>, afirm\u00f3&nbsp;<strong>Leonardo Heredia<\/strong>, uno de los damnificados.<\/p>\n\n\n\n<p>Contratados para dar vida a la serie<em>&nbsp;\u201cLe\u00f3n\u201d<\/em>, que contar\u00eda la historia de un boxeador en&nbsp;Z\u00e1rate, los&nbsp;actores&nbsp;<strong>Heredia<\/strong>,&nbsp;<strong>Alejandro Gonz\u00e1lez<\/strong>,&nbsp;<strong>Micaela Insaurralde<\/strong>,&nbsp;<strong>Julio Mac<\/strong>,&nbsp;<strong>Tamara Atadia<\/strong>,&nbsp;<strong>Camilia Lescano<\/strong>&nbsp;y el sonidista&nbsp;<strong>Javier P\u00e9rez<\/strong>, junto a otros trabajadores,&nbsp;decidieron presentar un documento&nbsp;en la Fiscal\u00eda 1&nbsp;de&nbsp;Z\u00e1rate&nbsp;contra&nbsp;<em>\u201cla&nbsp;due\u00f1a de Utop\u00eda Producciones,&nbsp;<strong>Eva Mar\u00eda Lemos\u201d<\/strong><\/em>, quien les prometi\u00f3&nbsp;<em>\u201cimportantes sumas de dinero\u201d<\/em>&nbsp;por trabajar&nbsp;<em>\u201cm\u00e1s de 16 horas diarias\u201d<\/em>, pero&nbsp;<em>\u201cnunca pag\u00f3\u201d<\/em>.<\/p>\n\n\n\n<p>En total son<em>&nbsp;\u201cunas 30 personas estafadas\u201d<\/em>, quienes les deber\u00eda&nbsp;<em>\u201calrededor de 100 mil pesos\u201d<\/em>, indic\u00f3 Heredia, que&nbsp;trabajaba desde&nbsp;algunos meses con Lemos cuando ella le propuso hacer una producci\u00f3n en su ciudad natal,Z\u00e1rate, bajo&nbsp;<em>\u201cla promesa de dinero\u201d.&nbsp;<\/em><\/p>\n\n\n\n<p>Una vez all\u00ed, seleccionaron&nbsp;actores&nbsp;y personal, a quienes les prometieron&nbsp;<em>\u201cpagarles y hospedaje\u201d&nbsp;<\/em>debido a que algunos de ellos eran de zonas m\u00e1s alejadas.<\/p>\n\n\n\n<p><em>\u201cNo les dio los hoteles, por lo que&nbsp;los&nbsp;actores&nbsp;y sonidistas dorm\u00edan en el piso, en malas condiciones. Tampoco les pagaba la comida\u201d<\/em>, explic\u00f3 Atadia, otra de denunciantes de&nbsp;Lemos, quien les prometi\u00f3&nbsp;producirles&nbsp;<em>\u201cun CD\u201d&nbsp;<\/em>y pagales<em>&nbsp;\u201cuna suma importante\u201d<\/em>.<\/p>\n\n\n\n<p>P\u00e9rez, un sonidista que lleg\u00f3 hace algunos meses al pa\u00eds, cont\u00f3 que la mujer le ofreci\u00f3 una serie de trabajos<em>&nbsp;\u201cmuy caros\u201d<\/em>&nbsp;y que&nbsp;<em>\u201cnunca\u201d<\/em>&nbsp;le pag\u00f3&nbsp;<em>\u201cun peso\u201d<\/em>.&nbsp;<em>\u201cEs dificil conseguir empleo y dej\u00e9 en Venezuela a mi familia y gente que necesito mandarles dinero. Ella jug\u00f3 con mi necesidad y la de mi familia\u201d,&nbsp;<\/em>indic\u00f3 el joven con una copia del telegrama en que denunci\u00f3 la situaci\u00f3n al Ministerio de Trabajo.<\/p>\n\n\n\n<p>Adem\u00e1s de la falta de pagos, la mujer afirmaba ser&nbsp;<em>\u201cguionista, escritora, directora de cine, actriz, productora y&nbsp;documentalista\u201d<\/em>.&nbsp;<em>\u201cLe pedimos que nos muestre el aval de que era directora pero averiguamos en el Instituto de Actores y&nbsp;no hay registro de su carrera\u201d,&nbsp;<\/em>se\u00f1al\u00f3 Heredia y agreg\u00f3:&nbsp;<em>\u201cTambi\u00e9n minti\u00f3 que ten\u00eda 30 a\u00f1os de trayectoria\u201d<\/em>.<\/p>\n\n\n\n<p>No s\u00f3lo&nbsp;<em>\u201cno efectuaba los pagos\u201d<\/em>&nbsp;sino que a Lemos le&nbsp;<em>\u201cpagaron la estad\u00eda\u201d<\/em>en&nbsp;Z\u00e1rate, adem\u00e1s de entre 3 y 4 mil pesos por&nbsp;<em>\u201csus clases de coaching\u201d<\/em>, en las cuales&nbsp;<em>\u201cnunca dio recibos\u201d<\/em>.<\/p>\n\n\n\n<p><em>Ninguna de las producciones que dirig\u00eda fueron terminadas. Ella comienza a filmar con un par de c\u00e1maras, usa eso&nbsp;para pedir&nbsp;plata a la gente\u201d<\/em>, explic\u00f3 Heredia. Sin embargo, tras visibilizar lo sucedido en&nbsp;Z\u00e1rate,<em>&nbsp;\u201cella desapareci\u00f3 y ahora est\u00e1 en Mar del Plata\u201d<\/em>.<\/p>\n\n\n\n<p>Gonz\u00e1lez, por su parte, afirm\u00f3 que\u00a0<em>\u201chay audios y capturas de pantalla que comprometen\u201d a Lemos con \u201cpedidos de plata\u201d<\/em>.\u00a0<em>\u201cElla jug\u00f3 con la ilusi\u00f3n de los chicos y la gente de\u00a0Z\u00e1rate. Hubo situaciones de maltrato, manipulaci\u00f3n y amenazas.\u00a0Hoy, esta mujer est\u00e1 trabajando y estafando gente pero no queremos que haya m\u00e1s afectados\u201d<\/em>, consider\u00f3.<\/p>\n\n\n\n<p>Fuente: Impacto Local<\/p>\n","protected":false},"excerpt":{"rendered":"<p>Vecinos de Z\u00e1rate denunciaron a una mujer por contratarlos para trabajar en una tira de ficci\u00f3n pero&nbsp;\u201cnunca\u201dles pag\u00f3.&nbsp;\u201cHubo situaciones de maltrato, manipulaci\u00f3n y amenazas\u201d,&nbsp;se\u00f1al\u00f3 uno de los damnificados. Un colectivo de&nbsp;actores, camar\u00f3grafos, sonidistas, montajistas&nbsp;y asistentes acusaron a&nbsp;la propietaria de una productora de&nbsp;\u201cestafarlos econ\u00f3mica y moralmente\u201d&nbsp;con&nbsp;una serie&nbsp;grabada en la localidad bonaerense de&nbsp;Z\u00e1rate&nbsp;y que \u201cemitir\u00eda por Netflix\u201d. [&hellip;]<\/p>\n","protected":false},"author":4,"featured_media":58248,"comment_status":"open","ping_status":"closed","sticky":false,"template":"","format":"standard","meta":{"om_disable_all_campaigns":false,"_jetpack_memberships_contains_paid_content":false,"footnotes":""},"categories":[621],"tags":[],"class_list":["post-58247","post","type-post","status-publish","format-standard","has-post-thumbnail","hentry","category-regionales"],"aioseo_notices":[],"gutentor_comment":0,"jetpack_featured_media_url":"https:\/\/eldiariodesanpedro.com.ar\/sitio\/wp-content\/uploads\/2019\/08\/artistas-damnificados.jpg","jetpack_shortlink":"https:\/\/wp.me\/p6RhLt-f9t","jetpack_sharing_enabled":true,"_links":{"self":[{"href":"https:\/\/eldiariodesanpedro.com.ar\/sitio\/wp-json\/wp\/v2\/posts\/58247","targetHints":{"allow":["GET"]}}],"collection":[{"href":"https:\/\/eldiariodesanpedro.com.ar\/sitio\/wp-json\/wp\/v2\/posts"}],"about":[{"href":"https:\/\/eldiariodesanpedro.com.ar\/sitio\/wp-json\/wp\/v2\/types\/post"}],"author":[{"embeddable":true,"href":"https:\/\/eldiariodesanpedro.com.ar\/sitio\/wp-json\/wp\/v2\/users\/4"}],"replies":[{"embeddable":true,"href":"https:\/\/eldiariodesanpedro.com.ar\/sitio\/wp-json\/wp\/v2\/comments?post=58247"}],"version-history":[{"count":1,"href":"https:\/\/eldiariodesanpedro.com.ar\/sitio\/wp-json\/wp\/v2\/posts\/58247\/revisions"}],"predecessor-version":[{"id":58249,"href":"https:\/\/eldiariodesanpedro.com.ar\/sitio\/wp-json\/wp\/v2\/posts\/58247\/revisions\/58249"}],"wp:featuredmedia":[{"embeddable":true,"href":"https:\/\/eldiariodesanpedro.com.ar\/sitio\/wp-json\/wp\/v2\/media\/58248"}],"wp:attachment":[{"href":"https:\/\/eldiariodesanpedro.com.ar\/sitio\/wp-json\/wp\/v2\/media?parent=58247"}],"wp:term":[{"taxonomy":"category","embeddable":true,"href":"https:\/\/eldiariodesanpedro.com.ar\/sitio\/wp-json\/wp\/v2\/categories?post=58247"},{"taxonomy":"post_tag","embeddable":true,"href":"https:\/\/eldiariodesanpedro.com.ar\/sitio\/wp-json\/wp\/v2\/tags?post=58247"}],"curies":[{"name":"wp","href":"https:\/\/api.w.org\/{rel}","templated":true}]}}