{"id":58244,"date":"2019-08-16T10:16:01","date_gmt":"2019-08-16T13:16:01","guid":{"rendered":"https:\/\/eldiariodesanpedro.com.ar\/sitio\/?p=58244"},"modified":"2019-08-16T10:16:05","modified_gmt":"2019-08-16T13:16:05","slug":"san-nicolas-golpeo-a-su-madre-y-le-provoco-lesiones-leves","status":"publish","type":"post","link":"https:\/\/eldiariodesanpedro.com.ar\/sitio\/san-nicolas-golpeo-a-su-madre-y-le-provoco-lesiones-leves\/","title":{"rendered":"SAN NICOL\u00c1S | Golpe\u00f3 a su madre y le provoc\u00f3 lesiones leves"},"content":{"rendered":"<!-- VideographyWP Plugin Message: Automatic video embedding prevented by plugin options. -->\n\n<p>\n\nPersonal policial recibi\u00f3 un llamado a emergencias que daba cuenta de un hecho de violencia familiar ocurrido en calle Santiago Derqui 1827.<\/p>\n\n\n\n<p>Al llegar al domicilio, constataron que un sujeto de 37 a\u00f1os hab\u00eda agredido f\u00edsicamente a su madre, una mujer de 60 a\u00f1os provoc\u00e1ndole lesiones de car\u00e1cter leves.<\/p>\n\n\n\n<p>El agresor fue aprehendido, mientras que la v\u00edctima fue asistida por persona de la Comisar\u00eda de la Mujer. Su hijo fue puesto en libertad luego de labrarse las actuaciones de rigor. <\/p>\n\n\n\n<p>Fuente: Diario El Informante<\/p>\n","protected":false},"excerpt":{"rendered":"<p>Personal policial recibi\u00f3 un llamado a emergencias que daba cuenta de un hecho de violencia familiar ocurrido en calle Santiago Derqui 1827. Al llegar al domicilio, constataron que un sujeto de 37 a\u00f1os hab\u00eda agredido f\u00edsicamente a su madre, una mujer de 60 a\u00f1os provoc\u00e1ndole lesiones de car\u00e1cter leves. El agresor fue aprehendido, mientras que [&hellip;]<\/p>\n","protected":false},"author":4,"featured_media":58245,"comment_status":"open","ping_status":"closed","sticky":false,"template":"","format":"standard","meta":{"om_disable_all_campaigns":false,"_jetpack_memberships_contains_paid_content":false,"footnotes":""},"categories":[621],"tags":[],"class_list":["post-58244","post","type-post","status-publish","format-standard","has-post-thumbnail","hentry","category-regionales"],"aioseo_notices":[],"gutentor_comment":0,"jetpack_featured_media_url":"https:\/\/eldiariodesanpedro.com.ar\/sitio\/wp-content\/uploads\/2019\/08\/no_me55sz5uags9xr8vio.jpg","jetpack_shortlink":"https:\/\/wp.me\/p6RhLt-f9q","jetpack_sharing_enabled":true,"_links":{"self":[{"href":"https:\/\/eldiariodesanpedro.com.ar\/sitio\/wp-json\/wp\/v2\/posts\/58244","targetHints":{"allow":["GET"]}}],"collection":[{"href":"https:\/\/eldiariodesanpedro.com.ar\/sitio\/wp-json\/wp\/v2\/posts"}],"about":[{"href":"https:\/\/eldiariodesanpedro.com.ar\/sitio\/wp-json\/wp\/v2\/types\/post"}],"author":[{"embeddable":true,"href":"https:\/\/eldiariodesanpedro.com.ar\/sitio\/wp-json\/wp\/v2\/users\/4"}],"replies":[{"embeddable":true,"href":"https:\/\/eldiariodesanpedro.com.ar\/sitio\/wp-json\/wp\/v2\/comments?post=58244"}],"version-history":[{"count":1,"href":"https:\/\/eldiariodesanpedro.com.ar\/sitio\/wp-json\/wp\/v2\/posts\/58244\/revisions"}],"predecessor-version":[{"id":58246,"href":"https:\/\/eldiariodesanpedro.com.ar\/sitio\/wp-json\/wp\/v2\/posts\/58244\/revisions\/58246"}],"wp:featuredmedia":[{"embeddable":true,"href":"https:\/\/eldiariodesanpedro.com.ar\/sitio\/wp-json\/wp\/v2\/media\/58245"}],"wp:attachment":[{"href":"https:\/\/eldiariodesanpedro.com.ar\/sitio\/wp-json\/wp\/v2\/media?parent=58244"}],"wp:term":[{"taxonomy":"category","embeddable":true,"href":"https:\/\/eldiariodesanpedro.com.ar\/sitio\/wp-json\/wp\/v2\/categories?post=58244"},{"taxonomy":"post_tag","embeddable":true,"href":"https:\/\/eldiariodesanpedro.com.ar\/sitio\/wp-json\/wp\/v2\/tags?post=58244"}],"curies":[{"name":"wp","href":"https:\/\/api.w.org\/{rel}","templated":true}]}}