{"id":58241,"date":"2019-08-16T10:09:00","date_gmt":"2019-08-16T13:09:00","guid":{"rendered":"https:\/\/eldiariodesanpedro.com.ar\/sitio\/?p=58241"},"modified":"2019-08-16T10:09:04","modified_gmt":"2019-08-16T13:09:04","slug":"san-nicolas-ternium-recurre-a-esquema-de-vacaciones-y-suspensiones-pagas","status":"publish","type":"post","link":"https:\/\/eldiariodesanpedro.com.ar\/sitio\/san-nicolas-ternium-recurre-a-esquema-de-vacaciones-y-suspensiones-pagas\/","title":{"rendered":"SAN NICOL\u00c1S | Ternium recurre a esquema de vacaciones y suspensiones pagas"},"content":{"rendered":"<!-- VideographyWP Plugin Message: Automatic video embedding prevented by plugin options. -->\n\n<p>\n\nLa crisis econ\u00f3mica y financiera, motorizada por una suba de la tasa de inter\u00e9s y una devaluaci\u00f3n de nuestra moneda, est\u00e1 reflejando un impacto muy fuerte en los costos de producci\u00f3n de todas las cadenas productivas. Desde esta redacci\u00f3n y Radio Net, lo informamos desde 2017 con la crisis que viene atravesando el sector y perjudica directamente a empresas como Motomel, General Motors, Acindar entre otras de la zona.<\/p>\n\n\n\n<p>La empresa Ternium no escapa a esta realidad.&nbsp;<\/p>\n\n\n\n<p>Desde la redacci\u00f3n de EL INFORMANTE consultamos diversas fuentes para conocer las acciones que se concretar\u00e1n en breve.&nbsp;<\/p>\n\n\n\n<p>Trascendi\u00f3 que durante las \u00faltimas horas esta situaci\u00f3n fue transmitida al gremio por los Directivos de la empresa, y de manera coordinada decidieron recurrir a un esquema de vacaciones y suspensiones para mantener la fuerza laboral.<\/p>\n\n\n\n<p>Como consecuencia de esto, la cadena de valor de Ternium est\u00e1 realizando una reducci\u00f3n dr\u00e1stica de pedidos de materiales y se prev\u00e9 una ca\u00edda importante de las \u00f3rdenes de venta por los pr\u00f3ximos tres meses que obligan a que la Empresa adecue el ritmo productivo a esta realidad.<\/p>\n\n\n\n<p>Claro est\u00e1 que en Argentina se est\u00e1 transitando un escenario dif\u00edcil, de alta volatilidad, donde no hay una visi\u00f3n clara del futuro.<\/p>\n\n\n\n<p>Este esquema comienza este fin de semana y alcanza a aproximadamente 150 empleados de Laminaci\u00f3n, y contempla el consumo de d\u00edas de vacaciones o suspensiones.&nbsp;<\/p>\n\n\n\n<p>En este \u00faltimo caso, el trabajador recibir\u00e1 el 75% del sueldo neto correspondiente a esos d\u00edas.&nbsp;<\/p>\n\n\n\n<p>A modo de ejemplo, y para entender el impacto de la medida, la persona que tome una suspensi\u00f3n de 3 d\u00edas, recibir\u00e1 como sueldo de ese mes el equivalente al 97% del sueldo de un mes normal.<\/p>\n\n\n\n<p>En principio la acci\u00f3n coordina ser\u00e1 por 90 d\u00edas. La medida alcanza a contratados y empleados directos.<\/p>\n\n\n\n<p>Fuente: Diario El Informante<\/p>\n","protected":false},"excerpt":{"rendered":"<p>La crisis econ\u00f3mica y financiera, motorizada por una suba de la tasa de inter\u00e9s y una devaluaci\u00f3n de nuestra moneda, est\u00e1 reflejando un impacto muy fuerte en los costos de producci\u00f3n de todas las cadenas productivas. Desde esta redacci\u00f3n y Radio Net, lo informamos desde 2017 con la crisis que viene atravesando el sector y [&hellip;]<\/p>\n","protected":false},"author":4,"featured_media":58242,"comment_status":"open","ping_status":"closed","sticky":false,"template":"","format":"standard","meta":{"om_disable_all_campaigns":false,"_jetpack_memberships_contains_paid_content":false,"footnotes":""},"categories":[621],"tags":[],"class_list":["post-58241","post","type-post","status-publish","format-standard","has-post-thumbnail","hentry","category-regionales"],"aioseo_notices":[],"gutentor_comment":0,"jetpack_featured_media_url":"https:\/\/eldiariodesanpedro.com.ar\/sitio\/wp-content\/uploads\/2019\/08\/no_vdi19dam90z0ut5bobina.jpg","jetpack_shortlink":"https:\/\/wp.me\/p6RhLt-f9n","jetpack_sharing_enabled":true,"_links":{"self":[{"href":"https:\/\/eldiariodesanpedro.com.ar\/sitio\/wp-json\/wp\/v2\/posts\/58241","targetHints":{"allow":["GET"]}}],"collection":[{"href":"https:\/\/eldiariodesanpedro.com.ar\/sitio\/wp-json\/wp\/v2\/posts"}],"about":[{"href":"https:\/\/eldiariodesanpedro.com.ar\/sitio\/wp-json\/wp\/v2\/types\/post"}],"author":[{"embeddable":true,"href":"https:\/\/eldiariodesanpedro.com.ar\/sitio\/wp-json\/wp\/v2\/users\/4"}],"replies":[{"embeddable":true,"href":"https:\/\/eldiariodesanpedro.com.ar\/sitio\/wp-json\/wp\/v2\/comments?post=58241"}],"version-history":[{"count":1,"href":"https:\/\/eldiariodesanpedro.com.ar\/sitio\/wp-json\/wp\/v2\/posts\/58241\/revisions"}],"predecessor-version":[{"id":58243,"href":"https:\/\/eldiariodesanpedro.com.ar\/sitio\/wp-json\/wp\/v2\/posts\/58241\/revisions\/58243"}],"wp:featuredmedia":[{"embeddable":true,"href":"https:\/\/eldiariodesanpedro.com.ar\/sitio\/wp-json\/wp\/v2\/media\/58242"}],"wp:attachment":[{"href":"https:\/\/eldiariodesanpedro.com.ar\/sitio\/wp-json\/wp\/v2\/media?parent=58241"}],"wp:term":[{"taxonomy":"category","embeddable":true,"href":"https:\/\/eldiariodesanpedro.com.ar\/sitio\/wp-json\/wp\/v2\/categories?post=58241"},{"taxonomy":"post_tag","embeddable":true,"href":"https:\/\/eldiariodesanpedro.com.ar\/sitio\/wp-json\/wp\/v2\/tags?post=58241"}],"curies":[{"name":"wp","href":"https:\/\/api.w.org\/{rel}","templated":true}]}}