{"id":58238,"date":"2019-08-16T10:06:58","date_gmt":"2019-08-16T13:06:58","guid":{"rendered":"https:\/\/eldiariodesanpedro.com.ar\/sitio\/?p=58238"},"modified":"2019-08-16T10:07:02","modified_gmt":"2019-08-16T13:07:02","slug":"todos-se-impuso-en-10-distritos-de-la-segunda-seccion-electoral","status":"publish","type":"post","link":"https:\/\/eldiariodesanpedro.com.ar\/sitio\/todos-se-impuso-en-10-distritos-de-la-segunda-seccion-electoral\/","title":{"rendered":"\u00abTodos\u00bb Se impuso en 10 distritos de la segunda secci\u00f3n electoral"},"content":{"rendered":"<!-- VideographyWP Plugin Message: Automatic video embedding prevented by plugin options. -->\n\n<p>En las elecciones de medio t\u00e9rmino de 2017 el mapa de la Segunda Secci\u00f3n Electoral que San Nicol\u00e1s integra junto con otros catorce distritos del norte bonaerense, se hab\u00eda pintado de amarillo. Ahora, tras las elecciones primarias celebradas el domingo, vuelve a haber supremac\u00eda azul. Se entiende: el amarillo es Juntos por el Cambio (JxC); el azul, el Frente de Todos (FdT).<\/p>\n\n\n\n<p>En la elecci\u00f3n para designar candidatos a Intendente Municipal, y empujados por la ola de Alberto Fern\u00e1ndez y Axel Kicillof, los azules se impusieron en 10 de los 15 distritos. En Baradero las cuatro listas de la interna del FdT totalizaron 55,13 puntos. El precandidato ganador de la cu\u00e1druple interna fue Esteban \u201cTito\u201d Sanzio. All\u00ed el precandidato de JxC sum\u00f3 apenas 26,70 puntos.En Carmen de Areco, la lista m\u00e1s elegida fue la de Iv\u00e1n Villagran (FdT), con el 37,41% de los votos. Y all\u00ed se dio una circunstancia excepcional: mientras que en todos los distritos la polarizaci\u00f3n provoc\u00f3 que siempre el primero o el segundo puesto quedase para precandidatos del FdT o de JxC, en Carmen de Areco la segunda fuerza m\u00e1s votada fue Consenso Federal con 28,83 puntos (sumando lo obtenido por las dos n\u00f3minas de la interna. All\u00ed JxC se ubic\u00f3 como tercera fuerza, con 28,53 puntos.En Col\u00f3n tambi\u00e9n hubo interna azul; en este caso, entre tres listas. Se impuso la de Ricardo \u201cPito\u201d Casi. El n\u00famero sumado entre las tres fue el m\u00e1s alto registrado en la Segunda: nada menos que 65,93 puntos. El precandidato amarillo sum\u00f3 26,06.<\/p>\n\n\n\n<p>En Baradero las cuatro listas de la interna del FdT totalizaron 55,13 puntos. El precandidato ganador de la cu\u00e1druple interna fue Esteban \u201cTito\u201d Sanzio. All\u00ed el precandidato de JxC sum\u00f3 apenas 26,70 puntos.En Carmen de Areco, la lista m\u00e1s elegida fue la de Iv\u00e1n Villagran (FdT), con el 37,41% de los votos. Y all\u00ed se dio una circunstancia excepcional: mientras que en todos los distritos la polarizaci\u00f3n provoc\u00f3 que siempre el primero o el segundo puesto quedase para precandidatos del FdT o de JxC, en Carmen de Areco la segunda fuerza m\u00e1s votada fue Consenso Federal con 28,83 puntos (sumando lo obtenido por las dos n\u00f3minas de la interna. All\u00ed JxC se ubic\u00f3 como tercera fuerza, con 28,53 puntos.En Col\u00f3n tambi\u00e9n hubo interna azul; en este caso, entre tres listas. Se impuso la de Ricardo \u201cPito\u201d Casi. El n\u00famero sumado entre las tres fue el m\u00e1s alto registrado en la Segunda: nada menos que 65,93 puntos. El precandidato amarillo sum\u00f3 26,06.<\/p>\n\n\n\n<p>En las elecciones de medio t\u00e9rmino de 2017 el mapa de la Segunda Secci\u00f3n Electoral que San Nicol\u00e1s integra junto con otros catorce distritos del norte bonaerense, se hab\u00eda pintado de amarillo. Ahora, tras las elecciones primarias celebradas el domingo, vuelve a haber supremac\u00eda azul. Se entiende: el amarillo es Juntos por el Cambio (JxC); el azul, el Frente de Todos (FdT).<\/p>\n\n\n\n<p>En la elecci\u00f3n para designar candidatos a Intendente Municipal, y empujados por la ola de Alberto Fern\u00e1ndez y Axel Kicillof, los azules se impusieron en 10 de los 15 distritos. En Baradero las cuatro listas de la interna del FdT totalizaron 55,13 puntos. El precandidato ganador de la cu\u00e1druple interna fue Esteban \u201cTito\u201d Sanzio. All\u00ed el precandidato de JxC sum\u00f3 apenas 26,70 puntos.<br>\nEn Carmen de Areco, la lista m\u00e1s elegida fue la de Iv\u00e1n Villagran (FdT), con el 37,41% de los votos. Y all\u00ed se dio una circunstancia excepcional: mientras que en todos los distritos la polarizaci\u00f3n provoc\u00f3 que siempre el primero o el segundo puesto quedase para precandidatos del FdT o de JxC, en Carmen de Areco la segunda fuerza m\u00e1s votada fue Consenso Federal con 28,83 puntos (sumando lo obtenido por las dos n\u00f3minas de la interna. All\u00ed JxC se ubic\u00f3 como tercera fuerza, con 28,53 puntos.<br>\nEn Col\u00f3n tambi\u00e9n hubo interna azul; en este caso, entre tres listas. Se impuso la de Ricardo \u201cPito\u201d Casi. El n\u00famero sumado entre las tres fue el m\u00e1s alto registrado en la Segunda: nada menos que 65,93 puntos. El precandidato amarillo sum\u00f3 26,06.<\/p>\n\n\n\n<p>M\u00e1s azules<br>\nEn Exaltaci\u00f3n de la Cruz, los 57,26 puntos del FdT fue fruto de la triple interna en la que se impuso Diego Nanni. El precandidato de JxC cosech\u00f3 30,23 puntos. En Ramallo Mauro Poletti (FdT) fue el m\u00e1s votado con 42,54 puntos. La distancia fue ajustada y el final es abierto, puesto que el precandidato de JxC qued\u00f3 apenas 2 puntos detr\u00e1s (40,28%).<br>\nSalto tambi\u00e9n es azul. Ricardo Alessandro (FdT) fue acompa\u00f1ado por el 50,65% del electorado de ese distrito, mientras que el precandidato amarillo tuvo una adhesi\u00f3n de 32,40 puntos. En San Andr\u00e9s de Giles, la distancia fue mayor: 54,47% para Carlos Puglelli (FdT) contra los 28,72 del precandidato de JxC.<br>\nEn San Antonio de Areco Nicol\u00e1s Marinkovic se impuso en la interna del FdT. Sumando sus votos con los de su contendiente directo, el sello obtuvo all\u00ed 50,44 puntos, y se separ\u00f3 10 puntos de la segunda fuerza m\u00e1s votada: JxC, 40,95%.<br>\nEn San Pedro se produjo la victoria azul m\u00e1s ajustada: tanto que habr\u00e1 que ver qu\u00e9 ocurre en las generales de octubre. Ocurre que los 41,67 puntos del FdT expresan la sumatoria de las cuatro listas que animaron la interna partidaria en ese distrito. En tanto, el precandidato \u00fanico de JxC logr\u00f3 una adhesi\u00f3n de 41,39 puntos.<br>\nPor \u00faltimo, el d\u00e9cimo distrito azul es Z\u00e1rate, donde Osvaldo Caffaro se impuso en la interna del FdT, fuerza que alcanz\u00f3 los 51,70 puntos. En la interna de JxC, los dos precandidatos juntos totalizaron 28,23.<\/p>\n\n\n\n<p>Los amarillos<br>\nSan Nicol\u00e1s es uno de los cinco distritos de la Segunda Secci\u00f3n Electoral donde se impusieron los precandidatos de JxC. Manuel Passaglia fue votado por el 44,85% de los electores nicole\u00f1os, mientras que la lista de la precandidata del FdT sum\u00f3 33,63 puntos.<br>\nN\u00fameros similares se dieron en Arrecifes, donde Javier Olaeta sum\u00f3 43,96% y se impuso sobre la n\u00f3mina distrital del FdT (37,81%). En Capit\u00e1n Sarmiento, la victoria de Javier Iguacel (JxC) fue m\u00e1s ajustada: le sac\u00f3 7 puntos a la precandidata azul (29,08%).<br>\nEn tanto, Pergamino tambi\u00e9n se mantiene amarilla: all\u00ed el precandidato a Intendente Javier Mart\u00ednez totaliz\u00f3 43,50 puntos y se impuso sobre su inmediata seguidora, la postulante del FdT (34,92).<br>\nRojas aport\u00f3 la cosecha r\u00e9cord para la alianza amarilla. Con 50,88 puntos Claudio Rossi se impuso sobre el precandidato azul, que termin\u00f3 sumando 39,74.<\/p>\n\n\n\n<p><strong>M\u00e1s azules<\/strong><br>En Exaltaci\u00f3n de la Cruz, los 57,26 puntos del FdT fue fruto de la triple interna en la que se impuso Diego Nanni. El precandidato de JxC cosech\u00f3 30,23 puntos. En Ramallo Mauro Poletti (FdT) fue el m\u00e1s votado con 42,54 puntos. La distancia fue ajustada y el final es abierto, puesto que el precandidato de JxC qued\u00f3 apenas 2 puntos detr\u00e1s (40,28%).Salto tambi\u00e9n es azul. Ricardo Alessandro (FdT) fue acompa\u00f1ado por el 50,65% del electorado de ese distrito, mientras que el precandidato amarillo tuvo una adhesi\u00f3n de 32,40 puntos. En San Andr\u00e9s de Giles, la distancia fue mayor: 54,47% para Carlos Puglelli (FdT) contra los 28,72 del precandidato de JxC.En San Antonio de Areco Nicol\u00e1s Marinkovic se impuso en la interna del FdT. Sumando sus votos con los de su contendiente directo, el sello obtuvo all\u00ed 50,44 puntos, y se separ\u00f3 10 puntos de la segunda fuerza m\u00e1s votada: JxC, 40,95%.En San Pedro se produjo la victoria azul m\u00e1s ajustada: tanto que habr\u00e1 que ver qu\u00e9 ocurre en las generales de octubre. Ocurre que los 41,67 puntos del FdT expresan la sumatoria de las cuatro listas que animaron la interna partidaria en ese distrito. En tanto, el precandidato \u00fanico de JxC logr\u00f3 una adhesi\u00f3n de 41,39 puntos.Por \u00faltimo, el d\u00e9cimo distrito azul es Z\u00e1rate, donde Osvaldo Caffaro se impuso en la interna del FdT, fuerza que alcanz\u00f3 los 51,70 puntos. En la interna de JxC, los dos precandidatos juntos totalizaron 28,23.<\/p>\n\n\n\n<p><strong>Los amarillos<\/strong><br>San Nicol\u00e1s es uno de los cinco distritos de la Segunda Secci\u00f3n Electoral donde se impusieron los precandidatos de JxC. Manuel Passaglia fue votado por el 44,85% de los electores nicole\u00f1os, mientras que la lista de la precandidata del FdT sum\u00f3 33,63 puntos.N\u00fameros similares se dieron en Arrecifes, donde Javier Olaeta sum\u00f3 43,96% y se impuso sobre la n\u00f3mina distrital del FdT (37,81%). En Capit\u00e1n Sarmiento, la victoria de Javier Iguacel (JxC) fue m\u00e1s ajustada: le sac\u00f3 7 puntos a la precandidata azul (29,08%).En tanto, Pergamino tambi\u00e9n se mantiene amarilla: all\u00ed el precandidato a Intendente Javier Mart\u00ednez totaliz\u00f3 43,50 puntos y se impuso sobre su inmediata seguidora, la postulante del FdT (34,92).Rojas aport\u00f3 la cosecha r\u00e9cord para la alianza amarilla. Con 50,88 puntos Claudio Rossi se impuso sobre el precandidato azul, que termin\u00f3 sumando 39,74. <\/p>\n\n\n\n<p>Fuente: Diario El Norte<\/p>\n","protected":false},"excerpt":{"rendered":"<p>En las elecciones de medio t\u00e9rmino de 2017 el mapa de la Segunda Secci\u00f3n Electoral que San Nicol\u00e1s integra junto con otros catorce distritos del norte bonaerense, se hab\u00eda pintado de amarillo. Ahora, tras las elecciones primarias celebradas el domingo, vuelve a haber supremac\u00eda azul. Se entiende: el amarillo es Juntos por el Cambio (JxC); [&hellip;]<\/p>\n","protected":false},"author":4,"featured_media":58239,"comment_status":"open","ping_status":"closed","sticky":false,"template":"","format":"standard","meta":{"om_disable_all_campaigns":false,"_jetpack_memberships_contains_paid_content":false,"footnotes":""},"categories":[621],"tags":[],"class_list":["post-58238","post","type-post","status-publish","format-standard","has-post-thumbnail","hentry","category-regionales"],"aioseo_notices":[],"gutentor_comment":0,"jetpack_featured_media_url":"https:\/\/eldiariodesanpedro.com.ar\/sitio\/wp-content\/uploads\/2019\/08\/0-6.jpg","jetpack_shortlink":"https:\/\/wp.me\/p6RhLt-f9k","jetpack_sharing_enabled":true,"_links":{"self":[{"href":"https:\/\/eldiariodesanpedro.com.ar\/sitio\/wp-json\/wp\/v2\/posts\/58238","targetHints":{"allow":["GET"]}}],"collection":[{"href":"https:\/\/eldiariodesanpedro.com.ar\/sitio\/wp-json\/wp\/v2\/posts"}],"about":[{"href":"https:\/\/eldiariodesanpedro.com.ar\/sitio\/wp-json\/wp\/v2\/types\/post"}],"author":[{"embeddable":true,"href":"https:\/\/eldiariodesanpedro.com.ar\/sitio\/wp-json\/wp\/v2\/users\/4"}],"replies":[{"embeddable":true,"href":"https:\/\/eldiariodesanpedro.com.ar\/sitio\/wp-json\/wp\/v2\/comments?post=58238"}],"version-history":[{"count":1,"href":"https:\/\/eldiariodesanpedro.com.ar\/sitio\/wp-json\/wp\/v2\/posts\/58238\/revisions"}],"predecessor-version":[{"id":58240,"href":"https:\/\/eldiariodesanpedro.com.ar\/sitio\/wp-json\/wp\/v2\/posts\/58238\/revisions\/58240"}],"wp:featuredmedia":[{"embeddable":true,"href":"https:\/\/eldiariodesanpedro.com.ar\/sitio\/wp-json\/wp\/v2\/media\/58239"}],"wp:attachment":[{"href":"https:\/\/eldiariodesanpedro.com.ar\/sitio\/wp-json\/wp\/v2\/media?parent=58238"}],"wp:term":[{"taxonomy":"category","embeddable":true,"href":"https:\/\/eldiariodesanpedro.com.ar\/sitio\/wp-json\/wp\/v2\/categories?post=58238"},{"taxonomy":"post_tag","embeddable":true,"href":"https:\/\/eldiariodesanpedro.com.ar\/sitio\/wp-json\/wp\/v2\/tags?post=58238"}],"curies":[{"name":"wp","href":"https:\/\/api.w.org\/{rel}","templated":true}]}}