{"id":58235,"date":"2019-08-16T09:41:26","date_gmt":"2019-08-16T12:41:26","guid":{"rendered":"https:\/\/eldiariodesanpedro.com.ar\/sitio\/?p=58235"},"modified":"2019-08-16T09:41:31","modified_gmt":"2019-08-16T12:41:31","slug":"cronograma-de-actividades-para-el-fin-de-semana-largo","status":"publish","type":"post","link":"https:\/\/eldiariodesanpedro.com.ar\/sitio\/cronograma-de-actividades-para-el-fin-de-semana-largo\/","title":{"rendered":"Cronograma de actividades para el fin de semana largo"},"content":{"rendered":"<!-- VideographyWP Plugin Message: Automatic video embedding prevented by plugin options. -->\n\n<p>Este fin de semana se realizar\u00e1n varios eventos en la ciudad en diferentes puntos, se espera una importante concurrencia de turistas en la localidad debido al fin de semana largo.<\/p>\n\n\n\n<p><strong>Viernes 16<\/strong><br>&#8211; 13 hs \/ Centro Cultural Abelardo Castillo<br>Cierre de la Semana Sanmartiniana y de la muestra montada con la participaci\u00f3n de distintos jardines del partido.\u00a0<br>Actuar\u00e1n el conservatorio provincial de m\u00fasica y cantar\u00e1 el himno la docente Anah\u00ed Pareyra. Adem\u00e1s, se va a proyectar un video hecho por alumnos.<\/p>\n\n\n\n<p>&#8211; 20 hs \/ Centro Cultural Abelardo Castillo<br>La Asociaci\u00f3n de Bomberos Voluntarios realizara un acto en reconocimiento a ex Presidentes, ex jefes del Cuerpo Activo, familiares del primer Jefe del Cuerpo Activo Don Virginio Grimoldi y del primer Presidente Don V\u00edctor Enrique Solmi. Adem\u00e1s, habr\u00e1 exhibici\u00f3n de brigadas y equipos.<\/p>\n\n\n\n<p><strong>S\u00e1bado 17<\/strong><br>-14 hs \/ Paseo P\u00fablico<br>Comienzo de la Fiesta Nacional de la Ensaimada Mallorquina.<\/p>\n\n\n\n<p>-14.45 \/ Plaza Constituci\u00f3n<br>Homenaje al Gral. San Mart\u00edn en el d\u00eda y horario de su paso a la inmortalidad<\/p>\n\n\n\n<p>-21.30 hs \/ Santa Luc\u00eda<br>Noche de pe\u00f1a a cargo de El Fog\u00f3n&nbsp;<\/p>\n\n\n\n<p><strong>Domingo 18<\/strong><br>-10 hs \/ Plaza San Mart\u00edn de Santa Luc\u00eda<br>Acto protocolar por el 169\u00b0 Aniversario del fallecimiento del Gral. San Mart\u00edn&nbsp;<\/p>\n\n\n\n<p>-10 hs \/ Palacio Municipal<br>Acto oficial de la Asociaci\u00f3n de Bomberos Voluntarios<br>Desfile de escuadras, unidades del cuartel de nuestra ciudad y de cuarteles invitados.<\/p>\n\n\n\n<p>-14 hs \/ Paseo P\u00fablico<br>Acto Oficial de Inauguraci\u00f3n de la XVII Fiesta Nacional de la Ensaimada Mallorquina<br>Segunda jornada con bailes tradicionales, espect\u00e1culos musicales, ferias, talleres y gastronom\u00eda.<br>Actividades en estaciones deportivas y juegos para celebrar el D\u00eda del ni\u00f1o.<\/p>\n\n\n\n<p><strong>Lunes 19<\/strong><br>-14 hs \/ Paseo P\u00fablico&nbsp;<br>Tercera jornada de la Fiesta Nacional de la Ensaimada<\/p>\n\n\n\n<p>-15 hs \/ Paseo P\u00fablico&nbsp;<br>Marat\u00f3n 8K \u2013 60\u00b0 Aniversario de los Bomberos Voluntarios de San Pedro\n\n<\/p>\n","protected":false},"excerpt":{"rendered":"<p>Este fin de semana se realizar\u00e1n varios eventos en la ciudad en diferentes puntos, se espera una importante concurrencia de turistas en la localidad debido al fin de semana largo. Viernes 16&#8211; 13 hs \/ Centro Cultural Abelardo CastilloCierre de la Semana Sanmartiniana y de la muestra montada con la participaci\u00f3n de distintos jardines del [&hellip;]<\/p>\n","protected":false},"author":4,"featured_media":58236,"comment_status":"open","ping_status":"closed","sticky":false,"template":"","format":"standard","meta":{"om_disable_all_campaigns":false,"_jetpack_memberships_contains_paid_content":false,"footnotes":""},"categories":[101,2],"tags":[],"class_list":["post-58235","post","type-post","status-publish","format-standard","has-post-thumbnail","hentry","category-interes-general-locales","category-locales"],"aioseo_notices":[],"gutentor_comment":0,"jetpack_featured_media_url":"https:\/\/eldiariodesanpedro.com.ar\/sitio\/wp-content\/uploads\/2019\/08\/Ensaimada-4.jpg","jetpack_shortlink":"https:\/\/wp.me\/p6RhLt-f9h","jetpack_sharing_enabled":true,"_links":{"self":[{"href":"https:\/\/eldiariodesanpedro.com.ar\/sitio\/wp-json\/wp\/v2\/posts\/58235","targetHints":{"allow":["GET"]}}],"collection":[{"href":"https:\/\/eldiariodesanpedro.com.ar\/sitio\/wp-json\/wp\/v2\/posts"}],"about":[{"href":"https:\/\/eldiariodesanpedro.com.ar\/sitio\/wp-json\/wp\/v2\/types\/post"}],"author":[{"embeddable":true,"href":"https:\/\/eldiariodesanpedro.com.ar\/sitio\/wp-json\/wp\/v2\/users\/4"}],"replies":[{"embeddable":true,"href":"https:\/\/eldiariodesanpedro.com.ar\/sitio\/wp-json\/wp\/v2\/comments?post=58235"}],"version-history":[{"count":1,"href":"https:\/\/eldiariodesanpedro.com.ar\/sitio\/wp-json\/wp\/v2\/posts\/58235\/revisions"}],"predecessor-version":[{"id":58237,"href":"https:\/\/eldiariodesanpedro.com.ar\/sitio\/wp-json\/wp\/v2\/posts\/58235\/revisions\/58237"}],"wp:featuredmedia":[{"embeddable":true,"href":"https:\/\/eldiariodesanpedro.com.ar\/sitio\/wp-json\/wp\/v2\/media\/58236"}],"wp:attachment":[{"href":"https:\/\/eldiariodesanpedro.com.ar\/sitio\/wp-json\/wp\/v2\/media?parent=58235"}],"wp:term":[{"taxonomy":"category","embeddable":true,"href":"https:\/\/eldiariodesanpedro.com.ar\/sitio\/wp-json\/wp\/v2\/categories?post=58235"},{"taxonomy":"post_tag","embeddable":true,"href":"https:\/\/eldiariodesanpedro.com.ar\/sitio\/wp-json\/wp\/v2\/tags?post=58235"}],"curies":[{"name":"wp","href":"https:\/\/api.w.org\/{rel}","templated":true}]}}