{"id":58234,"date":"2019-08-16T11:55:23","date_gmt":"2019-08-16T14:55:23","guid":{"rendered":"https:\/\/eldiariodesanpedro.com.ar\/sitio\/?p=58234"},"modified":"2019-08-16T11:55:28","modified_gmt":"2019-08-16T14:55:28","slug":"un-detenido-por-un-caso-de-abuso-sexual","status":"publish","type":"post","link":"https:\/\/eldiariodesanpedro.com.ar\/sitio\/un-detenido-por-un-caso-de-abuso-sexual\/","title":{"rendered":"Un detenido por un caso de abuso sexual"},"content":{"rendered":"<!-- VideographyWP Plugin Message: Automatic video embedding prevented by plugin options. -->\n\n<p>Sucedio en horas de la noche de este jueves, personal de gabinete criminol\u00f3gico&nbsp;&nbsp;de Comisaria, en compa\u00f1\u00eda de Sub DDI San pedro Baradero, procedieron a realizar una diligencia por orden de la justicia ordinaria en una vivienda con domicilio de Bajo Puerto.<\/p>\n\n\n\n<p>La diligencia se realizo por actuaciones iniciadas en Comisaria de la Mujer y la Familia local a fines de julio,&nbsp;&nbsp;donde avalando&nbsp;&nbsp;lo&nbsp;&nbsp;actuado,&nbsp;&nbsp;y otorgado por el Juzgado de Garant\u00edas se realizo un allanamiento en la vivienda del acusado con resultado favorable.<\/p>\n\n\n\n<p>Se procedi\u00f3 a la detenci\u00f3n del morador, un masculino de 36 a\u00f1os de edad, acusado por el delito de \u00ababuso sexual\u00bb.<\/p>\n\n\n\n<p><br><\/p>\n","protected":false},"excerpt":{"rendered":"<p>Sucedio en horas de la noche de este jueves, personal de gabinete criminol\u00f3gico&nbsp;&nbsp;de Comisaria, en compa\u00f1\u00eda de Sub DDI San pedro Baradero, procedieron a realizar una diligencia por orden de la justicia ordinaria en una vivienda con domicilio de Bajo Puerto. La diligencia se realizo por actuaciones iniciadas en Comisaria de la Mujer y la [&hellip;]<\/p>\n","protected":false},"author":4,"featured_media":58293,"comment_status":"open","ping_status":"closed","sticky":false,"template":"","format":"standard","meta":{"om_disable_all_campaigns":false,"_jetpack_memberships_contains_paid_content":false,"footnotes":""},"categories":[2,103],"tags":[],"class_list":["post-58234","post","type-post","status-publish","format-standard","has-post-thumbnail","hentry","category-locales","category-policiales-locales"],"aioseo_notices":[],"gutentor_comment":0,"jetpack_featured_media_url":"https:\/\/eldiariodesanpedro.com.ar\/sitio\/wp-content\/uploads\/2019\/08\/WhatsApp-Image-2019-08-16-at-11.40.03-AM.jpeg","jetpack_shortlink":"https:\/\/wp.me\/p6RhLt-f9g","jetpack_sharing_enabled":true,"_links":{"self":[{"href":"https:\/\/eldiariodesanpedro.com.ar\/sitio\/wp-json\/wp\/v2\/posts\/58234","targetHints":{"allow":["GET"]}}],"collection":[{"href":"https:\/\/eldiariodesanpedro.com.ar\/sitio\/wp-json\/wp\/v2\/posts"}],"about":[{"href":"https:\/\/eldiariodesanpedro.com.ar\/sitio\/wp-json\/wp\/v2\/types\/post"}],"author":[{"embeddable":true,"href":"https:\/\/eldiariodesanpedro.com.ar\/sitio\/wp-json\/wp\/v2\/users\/4"}],"replies":[{"embeddable":true,"href":"https:\/\/eldiariodesanpedro.com.ar\/sitio\/wp-json\/wp\/v2\/comments?post=58234"}],"version-history":[{"count":2,"href":"https:\/\/eldiariodesanpedro.com.ar\/sitio\/wp-json\/wp\/v2\/posts\/58234\/revisions"}],"predecessor-version":[{"id":58295,"href":"https:\/\/eldiariodesanpedro.com.ar\/sitio\/wp-json\/wp\/v2\/posts\/58234\/revisions\/58295"}],"wp:featuredmedia":[{"embeddable":true,"href":"https:\/\/eldiariodesanpedro.com.ar\/sitio\/wp-json\/wp\/v2\/media\/58293"}],"wp:attachment":[{"href":"https:\/\/eldiariodesanpedro.com.ar\/sitio\/wp-json\/wp\/v2\/media?parent=58234"}],"wp:term":[{"taxonomy":"category","embeddable":true,"href":"https:\/\/eldiariodesanpedro.com.ar\/sitio\/wp-json\/wp\/v2\/categories?post=58234"},{"taxonomy":"post_tag","embeddable":true,"href":"https:\/\/eldiariodesanpedro.com.ar\/sitio\/wp-json\/wp\/v2\/tags?post=58234"}],"curies":[{"name":"wp","href":"https:\/\/api.w.org\/{rel}","templated":true}]}}