{"id":58231,"date":"2019-08-16T09:09:02","date_gmt":"2019-08-16T12:09:02","guid":{"rendered":"https:\/\/eldiariodesanpedro.com.ar\/sitio\/?p=58231"},"modified":"2019-08-16T09:09:06","modified_gmt":"2019-08-16T12:09:06","slug":"escrache-a-uno-de-los-duenos-de-la-empresa-js-textil","status":"publish","type":"post","link":"https:\/\/eldiariodesanpedro.com.ar\/sitio\/escrache-a-uno-de-los-duenos-de-la-empresa-js-textil\/","title":{"rendered":"Escrache a uno de los due\u00f1os de la empresa J&#038;S Textil"},"content":{"rendered":"<!-- VideographyWP Plugin Message: Automatic video embedding prevented by plugin options. -->\n\n<p> Juan Carlos Scazariello es uno de los due\u00f1os de la empresa que aguarda todav\u00eda soluciones a sus empleados. El grupo que hace mas de 70 d\u00edas se encuentra en vigilia en las puertas de la misma, decidi\u00f3 esta ma\u00f1ana despertar con un escrache a su vivienda. \u00abNo nos robes mas, sinverg\u00fcenza, paganos como corresponde\u00bb, expresaban algunos carteles.<\/p>\n\n\n\n<p> Un grupo de trabajadores de JS Textil se present\u00f3 esta ma\u00f1ana en la vivienda de Juan Carlos Scazariello, uno de los due\u00f1os de la empresa con carteles que expon\u00edan a los medios presentes y con aerosoles dejando para siempre en la calle pintadas palabras como \u00absinverg\u00fcenza\u00bb.<\/p>\n\n\n\n<p><br>\u00abSabemos que lo que les molesta es el escrache social y se decidi\u00f3 hacer esto para que nos paguen lo que corresponde. Nos deben y no tienen ninguna propuesta\u00bb, expresan los manifestantes.<\/p>\n\n\n\n<figure class=\"wp-block-image\"><img decoding=\"async\" width=\"1280\" height=\"768\" data-attachment-id=\"58232\" data-permalink=\"https:\/\/eldiariodesanpedro.com.ar\/sitio\/escrache-a-uno-de-los-duenos-de-la-empresa-js-textil\/whatsapp-image-2019-08-16-at-8-21-52-am-2\/\" data-orig-file=\"https:\/\/eldiariodesanpedro.com.ar\/sitio\/wp-content\/uploads\/2019\/08\/WhatsApp-Image-2019-08-16-at-8.21.52-AM-1.jpeg\" data-orig-size=\"1280,768\" data-comments-opened=\"1\" data-image-meta=\"{&quot;aperture&quot;:&quot;0&quot;,&quot;credit&quot;:&quot;&quot;,&quot;camera&quot;:&quot;&quot;,&quot;caption&quot;:&quot;&quot;,&quot;created_timestamp&quot;:&quot;0&quot;,&quot;copyright&quot;:&quot;&quot;,&quot;focal_length&quot;:&quot;0&quot;,&quot;iso&quot;:&quot;0&quot;,&quot;shutter_speed&quot;:&quot;0&quot;,&quot;title&quot;:&quot;&quot;,&quot;orientation&quot;:&quot;0&quot;}\" data-image-title=\"WhatsApp Image 2019-08-16 at 8.21.52 AM\" data-image-description=\"\" data-image-caption=\"\" data-large-file=\"https:\/\/eldiariodesanpedro.com.ar\/sitio\/wp-content\/uploads\/2019\/08\/WhatsApp-Image-2019-08-16-at-8.21.52-AM-1-1024x614.jpeg\" data-src=\"https:\/\/i0.wp.com\/eldiariodesanpedro.com.ar\/sitio\/wp-content\/uploads\/2019\/08\/WhatsApp-Image-2019-08-16-at-8.21.52-AM-1.jpeg?fit=660%2C396\" alt=\"\" class=\"wp-image-58232 lazyload\" data-srcset=\"https:\/\/eldiariodesanpedro.com.ar\/sitio\/wp-content\/uploads\/2019\/08\/WhatsApp-Image-2019-08-16-at-8.21.52-AM-1.jpeg 1280w, https:\/\/eldiariodesanpedro.com.ar\/sitio\/wp-content\/uploads\/2019\/08\/WhatsApp-Image-2019-08-16-at-8.21.52-AM-1-300x180.jpeg 300w, https:\/\/eldiariodesanpedro.com.ar\/sitio\/wp-content\/uploads\/2019\/08\/WhatsApp-Image-2019-08-16-at-8.21.52-AM-1-768x461.jpeg 768w, https:\/\/eldiariodesanpedro.com.ar\/sitio\/wp-content\/uploads\/2019\/08\/WhatsApp-Image-2019-08-16-at-8.21.52-AM-1-1024x614.jpeg 1024w\" data-sizes=\"(max-width: 1280px) 100vw, 1280px\" src=\"data:image\/svg+xml;base64,PHN2ZyB3aWR0aD0iMSIgaGVpZ2h0PSIxIiB4bWxucz0iaHR0cDovL3d3dy53My5vcmcvMjAwMC9zdmciPjwvc3ZnPg==\" style=\"--smush-placeholder-width: 1280px; --smush-placeholder-aspect-ratio: 1280\/768;\" \/><\/figure>\n\n\n\n<p><br><br><\/p>\n","protected":false},"excerpt":{"rendered":"<p>Juan Carlos Scazariello es uno de los due\u00f1os de la empresa que aguarda todav\u00eda soluciones a sus empleados. El grupo que hace mas de 70 d\u00edas se encuentra en vigilia en las puertas de la misma, decidi\u00f3 esta ma\u00f1ana despertar con un escrache a su vivienda. \u00abNo nos robes mas, sinverg\u00fcenza, paganos como corresponde\u00bb, expresaban [&hellip;]<\/p>\n","protected":false},"author":4,"featured_media":58226,"comment_status":"open","ping_status":"closed","sticky":false,"template":"","format":"standard","meta":{"om_disable_all_campaigns":false,"_jetpack_memberships_contains_paid_content":false,"footnotes":""},"categories":[50,101,2],"tags":[],"class_list":["post-58231","post","type-post","status-publish","format-standard","has-post-thumbnail","hentry","category-destacadas","category-interes-general-locales","category-locales"],"aioseo_notices":[],"gutentor_comment":0,"jetpack_featured_media_url":"https:\/\/eldiariodesanpedro.com.ar\/sitio\/wp-content\/uploads\/2019\/08\/WhatsApp-Image-2019-08-16-at-8.24.40-AM.jpeg","jetpack_shortlink":"https:\/\/wp.me\/p6RhLt-f9d","jetpack_sharing_enabled":true,"_links":{"self":[{"href":"https:\/\/eldiariodesanpedro.com.ar\/sitio\/wp-json\/wp\/v2\/posts\/58231","targetHints":{"allow":["GET"]}}],"collection":[{"href":"https:\/\/eldiariodesanpedro.com.ar\/sitio\/wp-json\/wp\/v2\/posts"}],"about":[{"href":"https:\/\/eldiariodesanpedro.com.ar\/sitio\/wp-json\/wp\/v2\/types\/post"}],"author":[{"embeddable":true,"href":"https:\/\/eldiariodesanpedro.com.ar\/sitio\/wp-json\/wp\/v2\/users\/4"}],"replies":[{"embeddable":true,"href":"https:\/\/eldiariodesanpedro.com.ar\/sitio\/wp-json\/wp\/v2\/comments?post=58231"}],"version-history":[{"count":1,"href":"https:\/\/eldiariodesanpedro.com.ar\/sitio\/wp-json\/wp\/v2\/posts\/58231\/revisions"}],"predecessor-version":[{"id":58233,"href":"https:\/\/eldiariodesanpedro.com.ar\/sitio\/wp-json\/wp\/v2\/posts\/58231\/revisions\/58233"}],"wp:featuredmedia":[{"embeddable":true,"href":"https:\/\/eldiariodesanpedro.com.ar\/sitio\/wp-json\/wp\/v2\/media\/58226"}],"wp:attachment":[{"href":"https:\/\/eldiariodesanpedro.com.ar\/sitio\/wp-json\/wp\/v2\/media?parent=58231"}],"wp:term":[{"taxonomy":"category","embeddable":true,"href":"https:\/\/eldiariodesanpedro.com.ar\/sitio\/wp-json\/wp\/v2\/categories?post=58231"},{"taxonomy":"post_tag","embeddable":true,"href":"https:\/\/eldiariodesanpedro.com.ar\/sitio\/wp-json\/wp\/v2\/tags?post=58231"}],"curies":[{"name":"wp","href":"https:\/\/api.w.org\/{rel}","templated":true}]}}