{"id":58228,"date":"2019-08-16T08:41:34","date_gmt":"2019-08-16T11:41:34","guid":{"rendered":"https:\/\/eldiariodesanpedro.com.ar\/sitio\/?p=58228"},"modified":"2019-08-16T08:41:39","modified_gmt":"2019-08-16T11:41:39","slug":"nueva-directora-para-inta-san-pedro","status":"publish","type":"post","link":"https:\/\/eldiariodesanpedro.com.ar\/sitio\/nueva-directora-para-inta-san-pedro\/","title":{"rendered":"Nueva directora para INTA San Pedro"},"content":{"rendered":"<!-- VideographyWP Plugin Message: Automatic video embedding prevented by plugin options. -->\n\n<table class=\"wp-block-table\"><tbody><tr><td>Por primera vez desde su creaci\u00f3n en 1958, una mujer es elegida para conducir la entidad agropecuaria. Laura Hansen, quien en los \u00faltimos a\u00f1os tuvo a cargo la Agencia de Extensi\u00f3n Rural de San Pedro, inaugura su gesti\u00f3n.<br><br><\/td><\/tr><\/tbody><\/table>\n\n\n\n<p>\n\nCada cuatro a\u00f1os el INTA sustancia concursos para definir qui\u00e9nes ser\u00e1n los responsables de los distintos cargos de conducci\u00f3n. En estos se eval\u00faan los antecedentes de los candidatos y se les pide una propuesta de gesti\u00f3n. En esta oportunidad, Laura Hansen qued\u00f3 primera en orden de m\u00e9rito y a sus 45 a\u00f1os, adem\u00e1s resulta una de las m\u00e1s j\u00f3venes en que toma este desaf\u00edo.<\/p>\n\n\n\n<p>Hansen naci\u00f3 en San Pedro y como hija de un productor frut\u00edcola primero, y funcionario Municipal, despu\u00e9s, siempre estuvo cerca del INTA. Se gradu\u00f3 como Ingeniera Agr\u00f3noma en la Universidad Nacional de Rosario. Sus primeros pasos en la instituci\u00f3n fueron como pasante a fines de la d\u00e9cada de los 90, y luego transit\u00f3 distintos espacios como extensionista a trav\u00e9s del Programa Prohuerta, Cambio Rural y m\u00e1s tarde ya como personal de planta.<\/p>\n\n\n\n<p>En 2005 fue la principal art\u00edfice de INTA en el proyecto&nbsp; \u201cSanta Luc\u00eda 2010\u201d, donde confluyeron distintos estamentos de gobierno y la poblaci\u00f3n como parte de un proceso de Desarrollo Local. Pero tambi\u00e9n desde ese momento comenz\u00f3 a destacarse por su v\u00ednculo con la producci\u00f3n viver\u00edstica, primero a trav\u00e9s de la realizaci\u00f3n de un relevamiento y luego en un proceso ininterrumpido de acompa\u00f1amiento del sector en conjunto con SENASA e INASE, para la inclusi\u00f3n de los productores en el sistema formal y luego en un cambio tecnol\u00f3gico que posibilit\u00f3 a los productores la producci\u00f3n de plantas c\u00edtricas bajo cubierta y la de rosales libres de virus. En los \u00faltimos 8 a\u00f1os fue la referente de la Agencia de Extensi\u00f3n local, desde donde motoriz\u00f3 muchas iniciativas que involucraron a viveristas, batateros, agricultores familiares, entre otros. Con sus gestiones se logr\u00f3 financiaci\u00f3n externa que hizo realidad procesos complejos y que requieren muchos recursos para hacerse realidad. Todas actividades fundadas en el trabajo de equipos.<\/p>\n\n\n\n<p>La consolidaci\u00f3n de estas transformaciones la animaron a avanzar en esta ocasi\u00f3n para poder extender el accionar a todo el \u00e1rea de influencia de la Estaci\u00f3n Experimental Agropecuaria San Pedro. \u201cQuiz\u00e1s todo sucedi\u00f3 antes de lo esperado, y s\u00e9 que para seguir desarrollando \u00e9sto que con tanta pasi\u00f3n hago, es necesario dar un nuevo paso. Esta convocatoria es un gran desaf\u00edo y una oportunidad para seguir creciendo y aprendiendo\u201d, explica la profesional.<\/p>\n\n\n\n<p>Su asunci\u00f3n se da en un marco de trabajo articulado con Armando Constantino, Director saliente, quien habilit\u00f3 un proceso de transici\u00f3n hace algunas semanas cuando se conoci\u00f3 el resultado del concurso. Coincide con un momento donde se est\u00e1n definiendo cuestiones estrat\u00e9gicas que tienen que ver con el accionar del INTA para los pr\u00f3ximos a\u00f1os. La puesta en marcha de su gesti\u00f3n supone la confluencia de cambios de distintas dimensiones que transita el INTA: su program\u00e1tica, la estructura, y la renovaci\u00f3n del plan de trabajo de la Asociaci\u00f3n Cooperadora, entre otros. Los primeros pasos de la nueva directora ser\u00e1 compartir la propuesta con el personal, con la Cooperadora y el Consejo Local Asesor; y definir aspectos vinculados a la nueva estructura de la unidad, mientras se avanza en la continuidad de la planificaci\u00f3n y en encuentros con las organizaciones e instituciones locales.&nbsp;<\/p>\n\n\n\n<p>La fecha del acto formal a\u00fan no est\u00e1 definida, dependiendo de las autoridades que puedan participar, y seguramente ser\u00e1 un momento de encuentro para los distintos actores del territorio del que el INTA San Pedro forma parte.\n\n<\/p>\n","protected":false},"excerpt":{"rendered":"<p>Por primera vez desde su creaci\u00f3n en 1958, una mujer es elegida para conducir la entidad agropecuaria. Laura Hansen, quien en los \u00faltimos a\u00f1os tuvo a cargo la Agencia de Extensi\u00f3n Rural de San Pedro, inaugura su gesti\u00f3n. Cada cuatro a\u00f1os el INTA sustancia concursos para definir qui\u00e9nes ser\u00e1n los responsables de los distintos cargos [&hellip;]<\/p>\n","protected":false},"author":4,"featured_media":58229,"comment_status":"open","ping_status":"closed","sticky":false,"template":"","format":"standard","meta":{"om_disable_all_campaigns":false,"_jetpack_memberships_contains_paid_content":false,"footnotes":""},"categories":[101,2],"tags":[],"class_list":["post-58228","post","type-post","status-publish","format-standard","has-post-thumbnail","hentry","category-interes-general-locales","category-locales"],"aioseo_notices":[],"gutentor_comment":0,"jetpack_featured_media_url":"https:\/\/eldiariodesanpedro.com.ar\/sitio\/wp-content\/uploads\/2019\/08\/unnamed-3.jpg","jetpack_shortlink":"https:\/\/wp.me\/p6RhLt-f9a","jetpack_sharing_enabled":true,"_links":{"self":[{"href":"https:\/\/eldiariodesanpedro.com.ar\/sitio\/wp-json\/wp\/v2\/posts\/58228","targetHints":{"allow":["GET"]}}],"collection":[{"href":"https:\/\/eldiariodesanpedro.com.ar\/sitio\/wp-json\/wp\/v2\/posts"}],"about":[{"href":"https:\/\/eldiariodesanpedro.com.ar\/sitio\/wp-json\/wp\/v2\/types\/post"}],"author":[{"embeddable":true,"href":"https:\/\/eldiariodesanpedro.com.ar\/sitio\/wp-json\/wp\/v2\/users\/4"}],"replies":[{"embeddable":true,"href":"https:\/\/eldiariodesanpedro.com.ar\/sitio\/wp-json\/wp\/v2\/comments?post=58228"}],"version-history":[{"count":1,"href":"https:\/\/eldiariodesanpedro.com.ar\/sitio\/wp-json\/wp\/v2\/posts\/58228\/revisions"}],"predecessor-version":[{"id":58230,"href":"https:\/\/eldiariodesanpedro.com.ar\/sitio\/wp-json\/wp\/v2\/posts\/58228\/revisions\/58230"}],"wp:featuredmedia":[{"embeddable":true,"href":"https:\/\/eldiariodesanpedro.com.ar\/sitio\/wp-json\/wp\/v2\/media\/58229"}],"wp:attachment":[{"href":"https:\/\/eldiariodesanpedro.com.ar\/sitio\/wp-json\/wp\/v2\/media?parent=58228"}],"wp:term":[{"taxonomy":"category","embeddable":true,"href":"https:\/\/eldiariodesanpedro.com.ar\/sitio\/wp-json\/wp\/v2\/categories?post=58228"},{"taxonomy":"post_tag","embeddable":true,"href":"https:\/\/eldiariodesanpedro.com.ar\/sitio\/wp-json\/wp\/v2\/tags?post=58228"}],"curies":[{"name":"wp","href":"https:\/\/api.w.org\/{rel}","templated":true}]}}