{"id":58209,"date":"2019-08-15T10:42:53","date_gmt":"2019-08-15T13:42:53","guid":{"rendered":"https:\/\/eldiariodesanpedro.com.ar\/sitio\/?p=58209"},"modified":"2019-08-15T10:42:58","modified_gmt":"2019-08-15T13:42:58","slug":"se-viene-la-tercera-entrega-distinciones-del-ano-del-circulo-de-periodistas-deportivos","status":"publish","type":"post","link":"https:\/\/eldiariodesanpedro.com.ar\/sitio\/se-viene-la-tercera-entrega-distinciones-del-ano-del-circulo-de-periodistas-deportivos\/","title":{"rendered":"Se viene la tercera entrega distinciones del a\u00f1o del Circulo de Periodistas Deportivos"},"content":{"rendered":"<!-- VideographyWP Plugin Message: Automatic video embedding prevented by plugin options. -->\n\n<p>El viernes 23 de agosto a las 20.30 en el sal\u00f3n Pedro Barri de la Liga Sampedrina (LDS; Bartolom\u00e9 Mitre y Fray Cayetano Rodr\u00edguez) el C\u00edrculo de Periodistas Deportivos Mario An\u00edbal Gim\u00e9nez distinguir\u00e1 a atletas y equipos de San Pedro que sobresalieron en junio, julio y agosto.<\/p>\n\n\n\n<p>Los agasajados ser\u00e1n los palistas Brenda Rojas y Gonzalo Carreras y los navegantes Eugenia Bosco y Mart\u00edn Alsogaray junto a su entrenador, Nicolas Schargorodsky; el palista Valen Rossi; los rugbiers Lucas Vallejos y Jorge Raill\u00f3n ; el U18 de hockey de Cala San Pedro y la selecci\u00f3n 2008 de la Liga de F\u00fatbol Infantil San Pedro.<\/p>\n\n\n\n<p>Adem\u00e1s aprovechamos para adelantar, que la fiesta del deporte organizada por el Circulo de Periodistas de San Pedro se llevar\u00e1 a cabo, Mi\u00e9rcoles 11, entrega de diplomas a los ternados en el Centro Cultural Municipal\u00a0 \u201cAbelardo Castillo\u201d y \u00a0Perlas Deportivas 2019, lunes 16 de Diciembre en Paran\u00e1 F. C.<\/p>\n\n\n\n<p><strong>Colaboran: Club Deportes\u00a0 &#8211;\u00a0Imprenta Giacometti\u00a0 &#8211;\u00a0 MP Trofeos\u00a0\u00a0\u00a0&#8211; \u00a0Liga Deportiva Sampedrina &#8211; Seriman\u00eda Gr\u00e1fica Total \u2013 Diagn\u00f3stico San Pedro &#8211;\u00a0\u00a0Direcci\u00f3n de Deportes Municipalidad de San Pedro\u00a0\u00a0&#8211; Sindicato Trabajadores Municipales &#8211;\u00a0Doc Sur Producciones \u2013<\/strong><\/p>\n\n\n\n<p><\/p>\n","protected":false},"excerpt":{"rendered":"<p>El viernes 23 de agosto a las 20.30 en el sal\u00f3n Pedro Barri de la Liga Sampedrina (LDS; Bartolom\u00e9 Mitre y Fray Cayetano Rodr\u00edguez) el C\u00edrculo de Periodistas Deportivos Mario An\u00edbal Gim\u00e9nez distinguir\u00e1 a atletas y equipos de San Pedro que sobresalieron en junio, julio y agosto. Los agasajados ser\u00e1n los palistas Brenda Rojas y [&hellip;]<\/p>\n","protected":false},"author":4,"featured_media":58212,"comment_status":"open","ping_status":"closed","sticky":false,"template":"","format":"standard","meta":{"om_disable_all_campaigns":false,"_jetpack_memberships_contains_paid_content":false,"footnotes":""},"categories":[101,2],"tags":[],"class_list":["post-58209","post","type-post","status-publish","format-standard","has-post-thumbnail","hentry","category-interes-general-locales","category-locales"],"aioseo_notices":[],"gutentor_comment":0,"jetpack_featured_media_url":"https:\/\/eldiariodesanpedro.com.ar\/sitio\/wp-content\/uploads\/2019\/08\/7-06-2019-2da.-Entrega-Distinciones-2019.jpg","jetpack_shortlink":"https:\/\/wp.me\/p6RhLt-f8R","jetpack_sharing_enabled":true,"_links":{"self":[{"href":"https:\/\/eldiariodesanpedro.com.ar\/sitio\/wp-json\/wp\/v2\/posts\/58209","targetHints":{"allow":["GET"]}}],"collection":[{"href":"https:\/\/eldiariodesanpedro.com.ar\/sitio\/wp-json\/wp\/v2\/posts"}],"about":[{"href":"https:\/\/eldiariodesanpedro.com.ar\/sitio\/wp-json\/wp\/v2\/types\/post"}],"author":[{"embeddable":true,"href":"https:\/\/eldiariodesanpedro.com.ar\/sitio\/wp-json\/wp\/v2\/users\/4"}],"replies":[{"embeddable":true,"href":"https:\/\/eldiariodesanpedro.com.ar\/sitio\/wp-json\/wp\/v2\/comments?post=58209"}],"version-history":[{"count":1,"href":"https:\/\/eldiariodesanpedro.com.ar\/sitio\/wp-json\/wp\/v2\/posts\/58209\/revisions"}],"predecessor-version":[{"id":58213,"href":"https:\/\/eldiariodesanpedro.com.ar\/sitio\/wp-json\/wp\/v2\/posts\/58209\/revisions\/58213"}],"wp:featuredmedia":[{"embeddable":true,"href":"https:\/\/eldiariodesanpedro.com.ar\/sitio\/wp-json\/wp\/v2\/media\/58212"}],"wp:attachment":[{"href":"https:\/\/eldiariodesanpedro.com.ar\/sitio\/wp-json\/wp\/v2\/media?parent=58209"}],"wp:term":[{"taxonomy":"category","embeddable":true,"href":"https:\/\/eldiariodesanpedro.com.ar\/sitio\/wp-json\/wp\/v2\/categories?post=58209"},{"taxonomy":"post_tag","embeddable":true,"href":"https:\/\/eldiariodesanpedro.com.ar\/sitio\/wp-json\/wp\/v2\/tags?post=58209"}],"curies":[{"name":"wp","href":"https:\/\/api.w.org\/{rel}","templated":true}]}}