{"id":58206,"date":"2019-08-15T10:38:29","date_gmt":"2019-08-15T13:38:29","guid":{"rendered":"https:\/\/eldiariodesanpedro.com.ar\/sitio\/?p=58206"},"modified":"2019-08-15T10:38:33","modified_gmt":"2019-08-15T13:38:33","slug":"campana-exitosa-recuperacion-de-un-caso-de-gripe-a","status":"publish","type":"post","link":"https:\/\/eldiariodesanpedro.com.ar\/sitio\/campana-exitosa-recuperacion-de-un-caso-de-gripe-a\/","title":{"rendered":"CAMPANA | Exitosa recuperaci\u00f3n de un caso de gripe A"},"content":{"rendered":"<!-- VideographyWP Plugin Message: Automatic video embedding prevented by plugin options. -->\n\n<p>La mujer de Adri\u00e1n Rodr\u00edguez, quien se recuperara de la enfermedad, agradeci\u00f3 la atenci\u00f3n de la Cl\u00ednica: \u201cpor el trabajo y la atenci\u00f3n que tuvieron con mi marido y mi familia. Trabajaron y los resultados est\u00e1n a la vista\u201d. Adem\u00e1s describi\u00f3 que se vivieron momentos complicados.<\/p>\n\n\n\n<p>Un nuevo caso de Gripe A sorprendi\u00f3 a Campana. Lo sufri\u00f3 Adri\u00e1n Rodr\u00edguez, quien entr\u00f3 en la Cl\u00ednica Delta el 17 de Julio y logr\u00f3 salir recientemente, tras un buen trabajo de los m\u00e9dicos que reconoci\u00f3 su mujer, Mariela Andreolli.<br><br>\u201cQuiero agradecer a la cl\u00ednica Delta por el trabajo y la atenci\u00f3n que tuvieron para conmigo y mi marido. Trabajaron y los resultados est\u00e1n a la vista\u201d, dijo la mujer ante CampanaTV.<br><br>Adem\u00e1s describi\u00f3 c\u00f3mo surgi\u00f3 la situaci\u00f3n: \u201cMi esposo lleg\u00f3 el 17 de Junio con s\u00edntomas de una gripe com\u00fan. Vinimos a la cl\u00ednica y al d\u00eda siguiente ya qued\u00f3 en coma inducido. Finalmente se confirm\u00f3 que fue un caso de gripe A\u201d.<br><br>Mariela sostuvo que se vivieron momentos complicados y confirm\u00f3: \u201cSu vida corr\u00eda peligro, por eso lo tuvieron que poner en terapia. Luego de varios d\u00edas de trabajo de \u00e9l y los m\u00e9dicos se logr\u00f3 recuperar y ahora est\u00e1 saliendo\u201d, concluy\u00f3.<\/p>\n","protected":false},"excerpt":{"rendered":"<p>La mujer de Adri\u00e1n Rodr\u00edguez, quien se recuperara de la enfermedad, agradeci\u00f3 la atenci\u00f3n de la Cl\u00ednica: \u201cpor el trabajo y la atenci\u00f3n que tuvieron con mi marido y mi familia. Trabajaron y los resultados est\u00e1n a la vista\u201d. Adem\u00e1s describi\u00f3 que se vivieron momentos complicados. Un nuevo caso de Gripe A sorprendi\u00f3 a Campana. [&hellip;]<\/p>\n","protected":false},"author":4,"featured_media":58207,"comment_status":"open","ping_status":"closed","sticky":false,"template":"","format":"standard","meta":{"om_disable_all_campaigns":false,"_jetpack_memberships_contains_paid_content":false,"footnotes":""},"categories":[621],"tags":[],"class_list":["post-58206","post","type-post","status-publish","format-standard","has-post-thumbnail","hentry","category-regionales"],"aioseo_notices":[],"gutentor_comment":0,"jetpack_featured_media_url":"https:\/\/eldiariodesanpedro.com.ar\/sitio\/wp-content\/uploads\/2019\/08\/gripe-a.jpg","jetpack_shortlink":"https:\/\/wp.me\/p6RhLt-f8O","jetpack_sharing_enabled":true,"_links":{"self":[{"href":"https:\/\/eldiariodesanpedro.com.ar\/sitio\/wp-json\/wp\/v2\/posts\/58206","targetHints":{"allow":["GET"]}}],"collection":[{"href":"https:\/\/eldiariodesanpedro.com.ar\/sitio\/wp-json\/wp\/v2\/posts"}],"about":[{"href":"https:\/\/eldiariodesanpedro.com.ar\/sitio\/wp-json\/wp\/v2\/types\/post"}],"author":[{"embeddable":true,"href":"https:\/\/eldiariodesanpedro.com.ar\/sitio\/wp-json\/wp\/v2\/users\/4"}],"replies":[{"embeddable":true,"href":"https:\/\/eldiariodesanpedro.com.ar\/sitio\/wp-json\/wp\/v2\/comments?post=58206"}],"version-history":[{"count":1,"href":"https:\/\/eldiariodesanpedro.com.ar\/sitio\/wp-json\/wp\/v2\/posts\/58206\/revisions"}],"predecessor-version":[{"id":58208,"href":"https:\/\/eldiariodesanpedro.com.ar\/sitio\/wp-json\/wp\/v2\/posts\/58206\/revisions\/58208"}],"wp:featuredmedia":[{"embeddable":true,"href":"https:\/\/eldiariodesanpedro.com.ar\/sitio\/wp-json\/wp\/v2\/media\/58207"}],"wp:attachment":[{"href":"https:\/\/eldiariodesanpedro.com.ar\/sitio\/wp-json\/wp\/v2\/media?parent=58206"}],"wp:term":[{"taxonomy":"category","embeddable":true,"href":"https:\/\/eldiariodesanpedro.com.ar\/sitio\/wp-json\/wp\/v2\/categories?post=58206"},{"taxonomy":"post_tag","embeddable":true,"href":"https:\/\/eldiariodesanpedro.com.ar\/sitio\/wp-json\/wp\/v2\/tags?post=58206"}],"curies":[{"name":"wp","href":"https:\/\/api.w.org\/{rel}","templated":true}]}}