{"id":58204,"date":"2019-08-15T10:41:47","date_gmt":"2019-08-15T13:41:47","guid":{"rendered":"https:\/\/eldiariodesanpedro.com.ar\/sitio\/?p=58204"},"modified":"2019-08-15T10:41:52","modified_gmt":"2019-08-15T13:41:52","slug":"danaron-el-medidor-de-corriente-de-una-obra","status":"publish","type":"post","link":"https:\/\/eldiariodesanpedro.com.ar\/sitio\/danaron-el-medidor-de-corriente-de-una-obra\/","title":{"rendered":"Da\u00f1aron el medidor de corriente de una obra"},"content":{"rendered":"<!-- VideographyWP Plugin Message: Automatic video embedding prevented by plugin options. -->\n\n<p>As\u00ed lo denuncio un ciudadano de 41 a\u00f1os de edad, propietario de una obra en construcci\u00f3n sita en calle San Mart\u00edn al 2600.<\/p>\n\n\n\n<p>El mismo constato el hecho y denuncia haber sido intencional.<\/p>\n\n\n\n<p>El medidor de corriente fue da\u00f1ado por la madrugada del mi\u00e9rcoles.<\/p>\n\n\n\n<p>Investiga la fiscalia local.<\/p>\n\n\n\n<p><br><\/p>\n","protected":false},"excerpt":{"rendered":"<p>As\u00ed lo denuncio un ciudadano de 41 a\u00f1os de edad, propietario de una obra en construcci\u00f3n sita en calle San Mart\u00edn al 2600. El mismo constato el hecho y denuncia haber sido intencional. El medidor de corriente fue da\u00f1ado por la madrugada del mi\u00e9rcoles. Investiga la fiscalia local.<\/p>\n","protected":false},"author":4,"featured_media":58210,"comment_status":"open","ping_status":"closed","sticky":false,"template":"","format":"standard","meta":{"om_disable_all_campaigns":false,"_jetpack_memberships_contains_paid_content":false,"footnotes":""},"categories":[2,103],"tags":[],"class_list":["post-58204","post","type-post","status-publish","format-standard","has-post-thumbnail","hentry","category-locales","category-policiales-locales"],"aioseo_notices":[],"gutentor_comment":0,"jetpack_featured_media_url":"https:\/\/eldiariodesanpedro.com.ar\/sitio\/wp-content\/uploads\/2019\/08\/medidores-inteligentes.jpg","jetpack_shortlink":"https:\/\/wp.me\/p6RhLt-f8M","jetpack_sharing_enabled":true,"_links":{"self":[{"href":"https:\/\/eldiariodesanpedro.com.ar\/sitio\/wp-json\/wp\/v2\/posts\/58204","targetHints":{"allow":["GET"]}}],"collection":[{"href":"https:\/\/eldiariodesanpedro.com.ar\/sitio\/wp-json\/wp\/v2\/posts"}],"about":[{"href":"https:\/\/eldiariodesanpedro.com.ar\/sitio\/wp-json\/wp\/v2\/types\/post"}],"author":[{"embeddable":true,"href":"https:\/\/eldiariodesanpedro.com.ar\/sitio\/wp-json\/wp\/v2\/users\/4"}],"replies":[{"embeddable":true,"href":"https:\/\/eldiariodesanpedro.com.ar\/sitio\/wp-json\/wp\/v2\/comments?post=58204"}],"version-history":[{"count":1,"href":"https:\/\/eldiariodesanpedro.com.ar\/sitio\/wp-json\/wp\/v2\/posts\/58204\/revisions"}],"predecessor-version":[{"id":58211,"href":"https:\/\/eldiariodesanpedro.com.ar\/sitio\/wp-json\/wp\/v2\/posts\/58204\/revisions\/58211"}],"wp:featuredmedia":[{"embeddable":true,"href":"https:\/\/eldiariodesanpedro.com.ar\/sitio\/wp-json\/wp\/v2\/media\/58210"}],"wp:attachment":[{"href":"https:\/\/eldiariodesanpedro.com.ar\/sitio\/wp-json\/wp\/v2\/media?parent=58204"}],"wp:term":[{"taxonomy":"category","embeddable":true,"href":"https:\/\/eldiariodesanpedro.com.ar\/sitio\/wp-json\/wp\/v2\/categories?post=58204"},{"taxonomy":"post_tag","embeddable":true,"href":"https:\/\/eldiariodesanpedro.com.ar\/sitio\/wp-json\/wp\/v2\/tags?post=58204"}],"curies":[{"name":"wp","href":"https:\/\/api.w.org\/{rel}","templated":true}]}}