{"id":58201,"date":"2019-08-15T10:34:51","date_gmt":"2019-08-15T13:34:51","guid":{"rendered":"https:\/\/eldiariodesanpedro.com.ar\/sitio\/?p=58201"},"modified":"2019-08-15T10:34:55","modified_gmt":"2019-08-15T13:34:55","slug":"campana-un-autoelevador-fue-robado-en-campana-y-recuperado-en-canuelas","status":"publish","type":"post","link":"https:\/\/eldiariodesanpedro.com.ar\/sitio\/campana-un-autoelevador-fue-robado-en-campana-y-recuperado-en-canuelas\/","title":{"rendered":"CAMPANA | Un Autoelevador fue robado en Campana, y recuperado en Ca\u00f1uelas"},"content":{"rendered":"<!-- VideographyWP Plugin Message: Automatic video embedding prevented by plugin options. -->\n\n<p>Piratas del asfalto que operan en la zona asaltaron un cami\u00f3n y robaron la maquinaria. Personal policial logr\u00f3 localizarla gracias a un rastreador satelital, en un desarmadero de dicha localidad. El propietario del lugar fue detenido.<\/p>\n\n\n\n<p>\n\nLa polic\u00eda de Ca\u00f1uelas se logr\u00f3 recuperar un autoelevador de marca Heli, el cual hab\u00eda sido robado por piratas del asfalto en nuestra zona, y escondido en un lugar que funcionaba como desarmadero en la localidad de Ca\u00f1uelas.<\/p>\n\n\n\n<p>Los efectivos encontraron la maquinaria en un corral\u00f3n de materiales a unos 400 metros de la Ruta 205. La empresa propietaria del autoelevador, ubicada en Pilar, denunci\u00f3 el robo de un cami\u00f3n cargado con dos de estas m\u00e1quinas. Al parecer, los delincuentes no lograron desconectar el rastreador Lo Jack de uno de \u00e9stos.<\/p>\n\n\n\n<p>Al llegar la Polic\u00eda al corral\u00f3n, el propietario del lugar neg\u00f3 que all\u00ed estuviera maquinaria sustra\u00edda. Finalmente, el sujeto se puso muy nervioso y la polic\u00eda dio con el autoelevador. Jorge Marcelo Gouveia Fern\u00e1ndez, de 41 a\u00f1os, fue aprehendido.<\/p>\n\n\n\n<p>En el lugar, conocido como \u201cCorral\u00f3n Lynch\u201d tambi\u00e9n hab\u00eda otras m\u00e1quinas y autopartes de dudoso origen, lo que lleva a pensar que el corral\u00f3n funcionaba como desarmadero o dep\u00f3sito de piezas robadas. Todo ese material ahora ser\u00e1 inventariado para tratar de determinar la procedencia.<\/p>\n\n\n\n<p>Las autopartes, especialmente de camiones, estaban ocultas detr\u00e1s de pallets y pilas de arena o piedras. Incluso hab\u00eda baldes con piezas debajo de una parrilla. Interviene en el caso la fiscal Norma Pippo, titular de la UFIJ 2 de Ca\u00f1uelas. <\/p>\n\n\n\n<p>Fuente: Campana Noticias <\/p>\n\n\n\n<p><br><\/p>\n","protected":false},"excerpt":{"rendered":"<p>Piratas del asfalto que operan en la zona asaltaron un cami\u00f3n y robaron la maquinaria. Personal policial logr\u00f3 localizarla gracias a un rastreador satelital, en un desarmadero de dicha localidad. El propietario del lugar fue detenido. La polic\u00eda de Ca\u00f1uelas se logr\u00f3 recuperar un autoelevador de marca Heli, el cual hab\u00eda sido robado por piratas [&hellip;]<\/p>\n","protected":false},"author":4,"featured_media":58203,"comment_status":"open","ping_status":"closed","sticky":false,"template":"","format":"standard","meta":{"om_disable_all_campaigns":false,"_jetpack_memberships_contains_paid_content":false,"footnotes":""},"categories":[621],"tags":[],"class_list":["post-58201","post","type-post","status-publish","format-standard","has-post-thumbnail","hentry","category-regionales"],"aioseo_notices":[],"gutentor_comment":0,"jetpack_featured_media_url":"https:\/\/eldiariodesanpedro.com.ar\/sitio\/wp-content\/uploads\/2019\/08\/20190815082025.jpg","jetpack_shortlink":"https:\/\/wp.me\/p6RhLt-f8J","jetpack_sharing_enabled":true,"_links":{"self":[{"href":"https:\/\/eldiariodesanpedro.com.ar\/sitio\/wp-json\/wp\/v2\/posts\/58201","targetHints":{"allow":["GET"]}}],"collection":[{"href":"https:\/\/eldiariodesanpedro.com.ar\/sitio\/wp-json\/wp\/v2\/posts"}],"about":[{"href":"https:\/\/eldiariodesanpedro.com.ar\/sitio\/wp-json\/wp\/v2\/types\/post"}],"author":[{"embeddable":true,"href":"https:\/\/eldiariodesanpedro.com.ar\/sitio\/wp-json\/wp\/v2\/users\/4"}],"replies":[{"embeddable":true,"href":"https:\/\/eldiariodesanpedro.com.ar\/sitio\/wp-json\/wp\/v2\/comments?post=58201"}],"version-history":[{"count":1,"href":"https:\/\/eldiariodesanpedro.com.ar\/sitio\/wp-json\/wp\/v2\/posts\/58201\/revisions"}],"predecessor-version":[{"id":58205,"href":"https:\/\/eldiariodesanpedro.com.ar\/sitio\/wp-json\/wp\/v2\/posts\/58201\/revisions\/58205"}],"wp:featuredmedia":[{"embeddable":true,"href":"https:\/\/eldiariodesanpedro.com.ar\/sitio\/wp-json\/wp\/v2\/media\/58203"}],"wp:attachment":[{"href":"https:\/\/eldiariodesanpedro.com.ar\/sitio\/wp-json\/wp\/v2\/media?parent=58201"}],"wp:term":[{"taxonomy":"category","embeddable":true,"href":"https:\/\/eldiariodesanpedro.com.ar\/sitio\/wp-json\/wp\/v2\/categories?post=58201"},{"taxonomy":"post_tag","embeddable":true,"href":"https:\/\/eldiariodesanpedro.com.ar\/sitio\/wp-json\/wp\/v2\/tags?post=58201"}],"curies":[{"name":"wp","href":"https:\/\/api.w.org\/{rel}","templated":true}]}}