{"id":58198,"date":"2019-08-15T10:31:49","date_gmt":"2019-08-15T13:31:49","guid":{"rendered":"https:\/\/eldiariodesanpedro.com.ar\/sitio\/?p=58198"},"modified":"2019-08-15T10:31:54","modified_gmt":"2019-08-15T13:31:54","slug":"zarate-abuso-sexualmente-de-sus-tres-hijastros-menores-pidieron-la-detencion-pero-la-justicia-mira-hacia-otro-lado-el-esta-en-libertad-camina-entre-nosotros","status":"publish","type":"post","link":"https:\/\/eldiariodesanpedro.com.ar\/sitio\/zarate-abuso-sexualmente-de-sus-tres-hijastros-menores-pidieron-la-detencion-pero-la-justicia-mira-hacia-otro-lado-el-esta-en-libertad-camina-entre-nosotros\/","title":{"rendered":"Z\u00c1RATE | Abus\u00f3 sexualmente de sus tres hijastros menores, pidieron la detenci\u00f3n pero la Justicia mira hacia otro lado \u201c\u00e9l est\u00e1 en libertad, camina entre nosotros\u201d"},"content":{"rendered":"<!-- VideographyWP Plugin Message: Automatic video embedding prevented by plugin options. -->\n\n<p><strong>Sergio Roberto Palavecino fue acusado de haber violado en retiradas oportunidades a sus hijastros de 9, 13 y 17 a\u00f1os (dos ni\u00f1as y un ni\u00f1o) en una vivienda de Barrio Bosch donde viv\u00eda junto a su mujer y madre biol\u00f3gica de las v\u00edctimas identificada como Vanesa Aldazabal, supuesta c\u00f3mplice.<\/strong><\/p>\n\n\n\n<p>En el mes de abril del a\u00f1o pasado desde el Gabinete Multidisplinario de una instituci\u00f3n educativa de Z\u00e1rate a la que asist\u00eda una de las v\u00edctimas, nivel secundario, se radic\u00f3 una denuncia ante la Justicia. No era la primera vez. En el a\u00f1o 2013 la menor se atrevi\u00f3 a denunciar a Palavecino pero su madre la oblig\u00f3 a decir que era todo mentira por lo que esa causa fue desestimada.<\/p>\n\n\n\n<p>En este caso interviene la Fiscal Dra. Irene Molinari de la UFI Nro 8 quien hasta el momento orden\u00f3 el retiro inmediato de los menores del lado de su madre, por ser considerada como sospechosa c\u00f3mplice de Palavecino quien perpetrar\u00eda los abusos; otra medida que tambi\u00e9n se adopt\u00f3 es una orden de restricci\u00f3n para con sus padres.<\/p>\n\n\n\n<p>Las presuntas v\u00edctimas fueron trasladados fuera de Z\u00e1rate hacia otra localidad donde se supone que estar\u00edan \u201ca salvo\u201d junto a un familiar mientras se desarrollaba la investigaci\u00f3n.<\/p>\n\n\n\n<p>Sin embargo y pese a los avances registrados, el presunto abusador sigue en libertad porque la fiscal no dio lugar al pedido de detenci\u00f3n solicitado en al menos tres oportunidades por el Dr. Marcelo Urra, abogado de los denunciantes.<\/p>\n\n\n\n<p>Los tres menores que declararon ser v\u00edctimas de distintos abusos por parte de Palavecino no son los hijos de \u00e9l. Pero cabe aclarar que \u00e9l ya tiene otros dos hijos con Vanesa y un tercero que naci\u00f3 hace pocos meses. Estos \u00faltimos menores, actualmente conviven con los investigados.<\/p>\n\n\n\n<p>\u201cNo hemos tenido devoluci\u00f3n de la Justicia respecto de haber tomado o haber realizado acciones que hayan resguardado a los menores, m\u00e1s all\u00e1 de una medida perimetral que se tom\u00f3 en un principio, pero no hubo de parte de la Justicia una respuesta que haga sentir a los menores que se hizo Justicia, que fueron escuchados y las personas que abusaron de ellos fueron debidamente castigados, no hubo nada\u201d expres\u00f3 el Dr. Marcelo Urra en declaraciones a Fm Omega.<\/p>\n\n\n\n<p>La defensa de las v\u00edctima detall\u00f3 que en el proceso judicial \u201caportamos testigos, la fiscal\u00eda solicit\u00f3 pericias, las pericias se han realizado, esas pericias determinaron que la principal v\u00edctima, no minti\u00f3 en su declaraci\u00f3n, m\u00e1s testigos directos del lugar que manifestaron, en mi presencia, que hab\u00edan visto c\u00f3mo el padrastro abusaba de las nenas manose\u00e1ndolas en zonas \u00edntimas por debajo de la ropa, entonces qu\u00e9 m\u00e1s es lo que quiere la Fiscal para ver que estamos diciendo la verdad, la v\u00edctima no miente. Se hicieron pericias sobre los denunciados tambi\u00e9n que dejaron m\u00e1s dudas todav\u00eda donde adem\u00e1s es evidente que el denunciado tiene condiciones coincidentes con las de un abusador\u201d.<\/p>\n\n\n\n<p>Para finalizar el Dr. Urra insisti\u00f3 en su pedido a la Fiscal Molinari \u201chemos pedido la detenci\u00f3n de ambas personas pero no ha pasado nada; con ellos viven tres menores y me gustar\u00eda preguntarle a la fiscal si me puede asegurar que esos chicos est\u00e1n perfectamente educados, en un ambiente sano y saludable. Los pr\u00f3ximos pasos ser\u00e1n charlar en privado con la tutora legal que tiene la tenencia de los chicos para ver si podemos avanzar en una audiencia con el Fiscal General y que se tomen las medidas que se tienen que tomar y sino que nos informen por qu\u00e9 motivo no hay intenci\u00f3n de avanzar, \u00bfqu\u00e9 est\u00e1n esperando?\u201d.<\/p>\n\n\n\n<p>Fuente: Impacto Local<\/p>\n","protected":false},"excerpt":{"rendered":"<p>Sergio Roberto Palavecino fue acusado de haber violado en retiradas oportunidades a sus hijastros de 9, 13 y 17 a\u00f1os (dos ni\u00f1as y un ni\u00f1o) en una vivienda de Barrio Bosch donde viv\u00eda junto a su mujer y madre biol\u00f3gica de las v\u00edctimas identificada como Vanesa Aldazabal, supuesta c\u00f3mplice. En el mes de abril del [&hellip;]<\/p>\n","protected":false},"author":4,"featured_media":58199,"comment_status":"open","ping_status":"closed","sticky":false,"template":"","format":"standard","meta":{"om_disable_all_campaigns":false,"_jetpack_memberships_contains_paid_content":false,"footnotes":""},"categories":[621],"tags":[],"class_list":["post-58198","post","type-post","status-publish","format-standard","has-post-thumbnail","hentry","category-regionales"],"aioseo_notices":[],"gutentor_comment":0,"jetpack_featured_media_url":"https:\/\/eldiariodesanpedro.com.ar\/sitio\/wp-content\/uploads\/2019\/08\/palavecino-696x523.jpg","jetpack_shortlink":"https:\/\/wp.me\/p6RhLt-f8G","jetpack_sharing_enabled":true,"_links":{"self":[{"href":"https:\/\/eldiariodesanpedro.com.ar\/sitio\/wp-json\/wp\/v2\/posts\/58198","targetHints":{"allow":["GET"]}}],"collection":[{"href":"https:\/\/eldiariodesanpedro.com.ar\/sitio\/wp-json\/wp\/v2\/posts"}],"about":[{"href":"https:\/\/eldiariodesanpedro.com.ar\/sitio\/wp-json\/wp\/v2\/types\/post"}],"author":[{"embeddable":true,"href":"https:\/\/eldiariodesanpedro.com.ar\/sitio\/wp-json\/wp\/v2\/users\/4"}],"replies":[{"embeddable":true,"href":"https:\/\/eldiariodesanpedro.com.ar\/sitio\/wp-json\/wp\/v2\/comments?post=58198"}],"version-history":[{"count":1,"href":"https:\/\/eldiariodesanpedro.com.ar\/sitio\/wp-json\/wp\/v2\/posts\/58198\/revisions"}],"predecessor-version":[{"id":58200,"href":"https:\/\/eldiariodesanpedro.com.ar\/sitio\/wp-json\/wp\/v2\/posts\/58198\/revisions\/58200"}],"wp:featuredmedia":[{"embeddable":true,"href":"https:\/\/eldiariodesanpedro.com.ar\/sitio\/wp-json\/wp\/v2\/media\/58199"}],"wp:attachment":[{"href":"https:\/\/eldiariodesanpedro.com.ar\/sitio\/wp-json\/wp\/v2\/media?parent=58198"}],"wp:term":[{"taxonomy":"category","embeddable":true,"href":"https:\/\/eldiariodesanpedro.com.ar\/sitio\/wp-json\/wp\/v2\/categories?post=58198"},{"taxonomy":"post_tag","embeddable":true,"href":"https:\/\/eldiariodesanpedro.com.ar\/sitio\/wp-json\/wp\/v2\/tags?post=58198"}],"curies":[{"name":"wp","href":"https:\/\/api.w.org\/{rel}","templated":true}]}}