{"id":58193,"date":"2019-08-15T10:28:18","date_gmt":"2019-08-15T13:28:18","guid":{"rendered":"https:\/\/eldiariodesanpedro.com.ar\/sitio\/?p=58193"},"modified":"2019-08-15T10:28:22","modified_gmt":"2019-08-15T13:28:22","slug":"san-nicolas-se-conocieron-los-integrantes-del-directorio-del-consorcio-de-gestion","status":"publish","type":"post","link":"https:\/\/eldiariodesanpedro.com.ar\/sitio\/san-nicolas-se-conocieron-los-integrantes-del-directorio-del-consorcio-de-gestion\/","title":{"rendered":"SAN NICOL\u00c1S | Se conocieron los integrantes del Directorio del Consorcio de Gesti\u00f3n"},"content":{"rendered":"<!-- VideographyWP Plugin Message: Automatic video embedding prevented by plugin options. -->\n\n<p>\n\nLa Provincia de Buenos Aires, a trav\u00e9s de su Bolet\u00edn Oficial, oficializ\u00f3 los nombres de las personas que integrar\u00e1n el Consorcio de Gesti\u00f3n conformado por distintos sectores vinculados a la actividad portuaria y representantes del Estado.<\/p>\n\n\n\n<p>Se trata de Antonio Daniel Negro, ingeniero agr\u00f3nomo; Carlos Hugo Capra, Secretario de Gesti\u00f3n y Atenci\u00f3n Ciudadana de la Municipalidad; Jos\u00e9 Mar\u00eda \u00abCoty\u00bb Ceriotti; Dar\u00edo Felicevich; Baltazar Schubert, Gerente de Relaciones Institucionales de la Federaci\u00f3n de Comercio e Industria; Fernando Azcoit\u00eda, presidente de Globaz; Agust\u00edn Pinedo.<\/p>\n\n\n\n<p>Los Consorcios de gesti\u00f3n resultan figuras aut\u00e1rquicas, en tanto que la presencia de la Provincia en estos consorcios se asegura en la Presidencia del Directorio, que le da la facultad de auditor\u00eda y control de gesti\u00f3n.<\/p>\n\n\n\n<p>Por consiguiente, estos consorcios no son una organizaci\u00f3n puramente privada, como pueden ser los puertos concesionados, sino que sostienen los objetivos de crecimiento trazados desde el gobierno nacional y provincial, que tiene el poder de polic\u00eda y control de la gesti\u00f3n.\n\n<\/p>\n","protected":false},"excerpt":{"rendered":"<p>La Provincia de Buenos Aires, a trav\u00e9s de su Bolet\u00edn Oficial, oficializ\u00f3 los nombres de las personas que integrar\u00e1n el Consorcio de Gesti\u00f3n conformado por distintos sectores vinculados a la actividad portuaria y representantes del Estado. Se trata de Antonio Daniel Negro, ingeniero agr\u00f3nomo; Carlos Hugo Capra, Secretario de Gesti\u00f3n y Atenci\u00f3n Ciudadana de la [&hellip;]<\/p>\n","protected":false},"author":4,"featured_media":58196,"comment_status":"open","ping_status":"closed","sticky":false,"template":"","format":"standard","meta":{"om_disable_all_campaigns":false,"_jetpack_memberships_contains_paid_content":false,"footnotes":""},"categories":[621],"tags":[],"class_list":["post-58193","post","type-post","status-publish","format-standard","has-post-thumbnail","hentry","category-regionales"],"aioseo_notices":[],"gutentor_comment":0,"jetpack_featured_media_url":"https:\/\/eldiariodesanpedro.com.ar\/sitio\/wp-content\/uploads\/2019\/08\/no_ly00eiabe12de8lpuerto.jpg","jetpack_shortlink":"https:\/\/wp.me\/p6RhLt-f8B","jetpack_sharing_enabled":true,"_links":{"self":[{"href":"https:\/\/eldiariodesanpedro.com.ar\/sitio\/wp-json\/wp\/v2\/posts\/58193","targetHints":{"allow":["GET"]}}],"collection":[{"href":"https:\/\/eldiariodesanpedro.com.ar\/sitio\/wp-json\/wp\/v2\/posts"}],"about":[{"href":"https:\/\/eldiariodesanpedro.com.ar\/sitio\/wp-json\/wp\/v2\/types\/post"}],"author":[{"embeddable":true,"href":"https:\/\/eldiariodesanpedro.com.ar\/sitio\/wp-json\/wp\/v2\/users\/4"}],"replies":[{"embeddable":true,"href":"https:\/\/eldiariodesanpedro.com.ar\/sitio\/wp-json\/wp\/v2\/comments?post=58193"}],"version-history":[{"count":1,"href":"https:\/\/eldiariodesanpedro.com.ar\/sitio\/wp-json\/wp\/v2\/posts\/58193\/revisions"}],"predecessor-version":[{"id":58197,"href":"https:\/\/eldiariodesanpedro.com.ar\/sitio\/wp-json\/wp\/v2\/posts\/58193\/revisions\/58197"}],"wp:featuredmedia":[{"embeddable":true,"href":"https:\/\/eldiariodesanpedro.com.ar\/sitio\/wp-json\/wp\/v2\/media\/58196"}],"wp:attachment":[{"href":"https:\/\/eldiariodesanpedro.com.ar\/sitio\/wp-json\/wp\/v2\/media?parent=58193"}],"wp:term":[{"taxonomy":"category","embeddable":true,"href":"https:\/\/eldiariodesanpedro.com.ar\/sitio\/wp-json\/wp\/v2\/categories?post=58193"},{"taxonomy":"post_tag","embeddable":true,"href":"https:\/\/eldiariodesanpedro.com.ar\/sitio\/wp-json\/wp\/v2\/tags?post=58193"}],"curies":[{"name":"wp","href":"https:\/\/api.w.org\/{rel}","templated":true}]}}