{"id":58185,"date":"2019-08-15T10:10:55","date_gmt":"2019-08-15T13:10:55","guid":{"rendered":"https:\/\/eldiariodesanpedro.com.ar\/sitio\/?p=58185"},"modified":"2019-08-15T10:11:00","modified_gmt":"2019-08-15T13:11:00","slug":"zarate-sin-descanso-prefectura-continua-buscando-al-pescador","status":"publish","type":"post","link":"https:\/\/eldiariodesanpedro.com.ar\/sitio\/zarate-sin-descanso-prefectura-continua-buscando-al-pescador\/","title":{"rendered":"Z\u00c1RATE | Sin descanso, Prefectura contin\u00faa buscando al pescador"},"content":{"rendered":"<!-- VideographyWP Plugin Message: Automatic video embedding prevented by plugin options. -->\n\n<p><strong>Este mi\u00e9rcoles,  fue localizado el cuerpo de Franco Soria, de 17 a\u00f1os. Hoy Prefectura contin\u00faa con el despliegue de medios para hallar al otro pescador desaparecido.<\/strong><\/p>\n\n\n\n<p>Personal especializado en b\u00fasqueda y rescate, medios fluviales y terrestres coordinados desde el Servicio de Tr\u00e1fico Mar\u00edtimo de Prefectura contin\u00faan rastrillando el \u00e1rea para hallar a Amadeo Mart\u00ednez, que sali\u00f3 a pescar el 2 de agosto y no regres\u00f3 a la costa.<\/p>\n\n\n\n<p>Hoy Prefectura, autoridad mar\u00edtima argentina, destac\u00f3 a la zona medios fluviales, pedestres y terrestres.<\/p>\n\n\n\n<p>Los efectivos de la instituci\u00f3n a bordo de los&nbsp; guardacostas \u00abMero\u00bb, \u201cLago Yehuin\u201d, \u201cBah\u00eda Blanca\u201d, \u201cCabo Corrientes\u201d y \u201cLago Colhue\u201d, motos de agua recorren la zona de la emergencia.<\/p>\n\n\n\n<p>Adem\u00e1s las patrullas pedestres de la Fuerza est\u00e1n rastrillando las costas de las ciudades de Punta Lara, Ensenada, Berisso y Quilmes.<\/p>\n\n\n\n<p>Cabe destacar que ayer, gracias al amplio e incansable operativo de Prefectura, fue encontrado el cuerpo de Sosa, el joven pescador que estaba desaparecido.<\/p>\n\n\n\n<p>El cuerpo fue hallado a unos 11 kil\u00f3metros de donde hab\u00edan sido vistos por \u00faltima vez.<\/p>\n\n\n\n<p>Desde el comienzo del operativo, la Fuerza ya lleva rastrillados m\u00e1s de 52.000 kil\u00f3metros cuadrados a trav\u00e9s de medios fluviales, a\u00e9reos y terrestres.<\/p>\n\n\n\n<p><strong>Fuente:&nbsp;<\/strong>Noticias Z\u00e1rate Alerta&nbsp;<\/p>\n","protected":false},"excerpt":{"rendered":"<p>Este mi\u00e9rcoles, fue localizado el cuerpo de Franco Soria, de 17 a\u00f1os. Hoy Prefectura contin\u00faa con el despliegue de medios para hallar al otro pescador desaparecido. Personal especializado en b\u00fasqueda y rescate, medios fluviales y terrestres coordinados desde el Servicio de Tr\u00e1fico Mar\u00edtimo de Prefectura contin\u00faan rastrillando el \u00e1rea para hallar a Amadeo Mart\u00ednez, que [&hellip;]<\/p>\n","protected":false},"author":4,"featured_media":58186,"comment_status":"open","ping_status":"closed","sticky":false,"template":"","format":"standard","meta":{"om_disable_all_campaigns":false,"_jetpack_memberships_contains_paid_content":false,"footnotes":""},"categories":[621],"tags":[],"class_list":["post-58185","post","type-post","status-publish","format-standard","has-post-thumbnail","hentry","category-regionales"],"aioseo_notices":[],"gutentor_comment":0,"jetpack_featured_media_url":"https:\/\/eldiariodesanpedro.com.ar\/sitio\/wp-content\/uploads\/2019\/08\/Prefectura-contin\u00faa-buscando-al-pescador-en-Punta-Lara-02.jpeg","jetpack_shortlink":"https:\/\/wp.me\/p6RhLt-f8t","jetpack_sharing_enabled":true,"_links":{"self":[{"href":"https:\/\/eldiariodesanpedro.com.ar\/sitio\/wp-json\/wp\/v2\/posts\/58185","targetHints":{"allow":["GET"]}}],"collection":[{"href":"https:\/\/eldiariodesanpedro.com.ar\/sitio\/wp-json\/wp\/v2\/posts"}],"about":[{"href":"https:\/\/eldiariodesanpedro.com.ar\/sitio\/wp-json\/wp\/v2\/types\/post"}],"author":[{"embeddable":true,"href":"https:\/\/eldiariodesanpedro.com.ar\/sitio\/wp-json\/wp\/v2\/users\/4"}],"replies":[{"embeddable":true,"href":"https:\/\/eldiariodesanpedro.com.ar\/sitio\/wp-json\/wp\/v2\/comments?post=58185"}],"version-history":[{"count":1,"href":"https:\/\/eldiariodesanpedro.com.ar\/sitio\/wp-json\/wp\/v2\/posts\/58185\/revisions"}],"predecessor-version":[{"id":58187,"href":"https:\/\/eldiariodesanpedro.com.ar\/sitio\/wp-json\/wp\/v2\/posts\/58185\/revisions\/58187"}],"wp:featuredmedia":[{"embeddable":true,"href":"https:\/\/eldiariodesanpedro.com.ar\/sitio\/wp-json\/wp\/v2\/media\/58186"}],"wp:attachment":[{"href":"https:\/\/eldiariodesanpedro.com.ar\/sitio\/wp-json\/wp\/v2\/media?parent=58185"}],"wp:term":[{"taxonomy":"category","embeddable":true,"href":"https:\/\/eldiariodesanpedro.com.ar\/sitio\/wp-json\/wp\/v2\/categories?post=58185"},{"taxonomy":"post_tag","embeddable":true,"href":"https:\/\/eldiariodesanpedro.com.ar\/sitio\/wp-json\/wp\/v2\/tags?post=58185"}],"curies":[{"name":"wp","href":"https:\/\/api.w.org\/{rel}","templated":true}]}}