{"id":58182,"date":"2019-08-15T10:08:47","date_gmt":"2019-08-15T13:08:47","guid":{"rendered":"https:\/\/eldiariodesanpedro.com.ar\/sitio\/?p=58182"},"modified":"2019-08-15T10:08:51","modified_gmt":"2019-08-15T13:08:51","slug":"vidal-analiza-elevar-el-tope-de-reintegro-de-la-promocion-en-supermercados-del-banco-provincia","status":"publish","type":"post","link":"https:\/\/eldiariodesanpedro.com.ar\/sitio\/vidal-analiza-elevar-el-tope-de-reintegro-de-la-promocion-en-supermercados-del-banco-provincia\/","title":{"rendered":"Vidal analiza elevar el tope de reintegro de la promoci\u00f3n en supermercados del Banco Provincia"},"content":{"rendered":"<!-- VideographyWP Plugin Message: Automatic video embedding prevented by plugin options. -->\n\n<p><strong>La gobernadora Mar\u00eda Eugenia Vidal y su gabinete definen un paquete de medidas de \u201ccontenci\u00f3n\u201d que ser\u00eda anunciado en las pr\u00f3ximas horas, luego de lo hecho por Mauricio Macri a nivel nacional.<\/strong><\/p>\n\n\n\n<p><strong>En l\u00ednea con el gobierno nacional, la gobernadora Mar\u00eda Eugenia Vidal anunciar\u00e1 una bater\u00eda de medidas econ\u00f3micas ante la nueva disparada del d\u00f3lar que ya se est\u00e1 traduciendo en un gran aumento de precios. Se trata de una re edici\u00f3n del \u201cplan alivio\u201d que hab\u00eda lanzado en abril.<\/strong><\/p>\n\n\n\n<p>El nuevo \u201cplan alivio\u201d de Vidal incluir\u00eda un aumento de partidas sociales, suba de jubilaci\u00f3n m\u00ednima y una atenuaci\u00f3n del impacto de la devaluaci\u00f3n para los deudores UVA.&nbsp;Tambi\u00e9n se ampliar\u00eda el tope de reintegro de la promoci\u00f3n en supermercados con descuentos al 50% los d\u00edas mi\u00e9rcoles.<\/p>\n\n\n\n<p>En abril, la gobernadora anunci\u00f3 la vuelta de los \u201cs\u00faper mi\u00e9rcoles\u201d, congelamiento de la tarifa de electricidad, un tope a las cuotas de cr\u00e9ditos UVA otorgados por el Bapro y un proyecto de ley para fomentar la competencia en los supermercados.<\/p>\n\n\n\n<p>Ahora,&nbsp;<strong>el tope unificado de reintegro ser\u00eda elevado de 2.000 a 2.500 pesos<\/strong>&nbsp;por lo que se podr\u00edan realizar compras de hasta 5 mil pesos con descuentos al 50% usando tarjetas de cr\u00e9ditos y d\u00e9bito del Banco Provincia. Esa promoci\u00f3n se aplica el tercer y cuarto mi\u00e9rcoles de cada mes, con el tope unificado entre ambos d\u00edas<\/p>\n\n\n\n<p><strong>Fuente:&nbsp;<\/strong>Noticias Z\u00e1rate Alerta&nbsp;<\/p>\n","protected":false},"excerpt":{"rendered":"<p>La gobernadora Mar\u00eda Eugenia Vidal y su gabinete definen un paquete de medidas de \u201ccontenci\u00f3n\u201d que ser\u00eda anunciado en las pr\u00f3ximas horas, luego de lo hecho por Mauricio Macri a nivel nacional. En l\u00ednea con el gobierno nacional, la gobernadora Mar\u00eda Eugenia Vidal anunciar\u00e1 una bater\u00eda de medidas econ\u00f3micas ante la nueva disparada del d\u00f3lar [&hellip;]<\/p>\n","protected":false},"author":4,"featured_media":58183,"comment_status":"open","ping_status":"closed","sticky":false,"template":"","format":"standard","meta":{"om_disable_all_campaigns":false,"_jetpack_memberships_contains_paid_content":false,"footnotes":""},"categories":[621],"tags":[],"class_list":["post-58182","post","type-post","status-publish","format-standard","has-post-thumbnail","hentry","category-regionales"],"aioseo_notices":[],"gutentor_comment":0,"jetpack_featured_media_url":"https:\/\/eldiariodesanpedro.com.ar\/sitio\/wp-content\/uploads\/2019\/08\/descuento-banco-provincia.jpg","jetpack_shortlink":"https:\/\/wp.me\/p6RhLt-f8q","jetpack_sharing_enabled":true,"_links":{"self":[{"href":"https:\/\/eldiariodesanpedro.com.ar\/sitio\/wp-json\/wp\/v2\/posts\/58182","targetHints":{"allow":["GET"]}}],"collection":[{"href":"https:\/\/eldiariodesanpedro.com.ar\/sitio\/wp-json\/wp\/v2\/posts"}],"about":[{"href":"https:\/\/eldiariodesanpedro.com.ar\/sitio\/wp-json\/wp\/v2\/types\/post"}],"author":[{"embeddable":true,"href":"https:\/\/eldiariodesanpedro.com.ar\/sitio\/wp-json\/wp\/v2\/users\/4"}],"replies":[{"embeddable":true,"href":"https:\/\/eldiariodesanpedro.com.ar\/sitio\/wp-json\/wp\/v2\/comments?post=58182"}],"version-history":[{"count":1,"href":"https:\/\/eldiariodesanpedro.com.ar\/sitio\/wp-json\/wp\/v2\/posts\/58182\/revisions"}],"predecessor-version":[{"id":58184,"href":"https:\/\/eldiariodesanpedro.com.ar\/sitio\/wp-json\/wp\/v2\/posts\/58182\/revisions\/58184"}],"wp:featuredmedia":[{"embeddable":true,"href":"https:\/\/eldiariodesanpedro.com.ar\/sitio\/wp-json\/wp\/v2\/media\/58183"}],"wp:attachment":[{"href":"https:\/\/eldiariodesanpedro.com.ar\/sitio\/wp-json\/wp\/v2\/media?parent=58182"}],"wp:term":[{"taxonomy":"category","embeddable":true,"href":"https:\/\/eldiariodesanpedro.com.ar\/sitio\/wp-json\/wp\/v2\/categories?post=58182"},{"taxonomy":"post_tag","embeddable":true,"href":"https:\/\/eldiariodesanpedro.com.ar\/sitio\/wp-json\/wp\/v2\/tags?post=58182"}],"curies":[{"name":"wp","href":"https:\/\/api.w.org\/{rel}","templated":true}]}}