{"id":58179,"date":"2019-08-15T10:07:08","date_gmt":"2019-08-15T13:07:08","guid":{"rendered":"https:\/\/eldiariodesanpedro.com.ar\/sitio\/?p=58179"},"modified":"2019-08-15T10:07:13","modified_gmt":"2019-08-15T13:07:13","slug":"san-nicolas-evadio-un-control-policial-y-atropello-a-un-oficial","status":"publish","type":"post","link":"https:\/\/eldiariodesanpedro.com.ar\/sitio\/san-nicolas-evadio-un-control-policial-y-atropello-a-un-oficial\/","title":{"rendered":"SAN NICOL\u00c1S | Evadi\u00f3 un control policial y atropell\u00f3 a un oficial"},"content":{"rendered":"<!-- VideographyWP Plugin Message: Automatic video embedding prevented by plugin options. -->\n\n<p>\n\nEl hecho ocurri\u00f3 este mi\u00e9rcoles en el marco de un operativo de interceptaci\u00f3n vehicular llevado adelante por personal policial e inspectores de tr\u00e1nsito municipal.<\/p>\n\n\n\n<p>Un hombre de 69 a\u00f1os intent\u00f3 evadir el puesto de control ubicado en inmediaciones de Av. Morteo y Juan B. Justo, y en la fuga embisti\u00f3 a un oficial policial.<\/p>\n\n\n\n<p>La v\u00edctima sufri\u00f3 lesiones de car\u00e1cter leves en su hombro derecho. El conductor del auto qued\u00f3 aprehendido por Atentado, Resistencia a la Autoridad y Lesiones Leves. <\/p>\n\n\n\n<p>Fuente: Diario El Informante<\/p>\n","protected":false},"excerpt":{"rendered":"<p>El hecho ocurri\u00f3 este mi\u00e9rcoles en el marco de un operativo de interceptaci\u00f3n vehicular llevado adelante por personal policial e inspectores de tr\u00e1nsito municipal. Un hombre de 69 a\u00f1os intent\u00f3 evadir el puesto de control ubicado en inmediaciones de Av. Morteo y Juan B. Justo, y en la fuga embisti\u00f3 a un oficial policial. La [&hellip;]<\/p>\n","protected":false},"author":4,"featured_media":58180,"comment_status":"open","ping_status":"closed","sticky":false,"template":"","format":"standard","meta":{"om_disable_all_campaigns":false,"_jetpack_memberships_contains_paid_content":false,"footnotes":""},"categories":[621],"tags":[],"class_list":["post-58179","post","type-post","status-publish","format-standard","has-post-thumbnail","hentry","category-regionales"],"aioseo_notices":[],"gutentor_comment":0,"jetpack_featured_media_url":"https:\/\/eldiariodesanpedro.com.ar\/sitio\/wp-content\/uploads\/2019\/08\/conmarca21553.jpg","jetpack_shortlink":"https:\/\/wp.me\/p6RhLt-f8n","jetpack_sharing_enabled":true,"_links":{"self":[{"href":"https:\/\/eldiariodesanpedro.com.ar\/sitio\/wp-json\/wp\/v2\/posts\/58179","targetHints":{"allow":["GET"]}}],"collection":[{"href":"https:\/\/eldiariodesanpedro.com.ar\/sitio\/wp-json\/wp\/v2\/posts"}],"about":[{"href":"https:\/\/eldiariodesanpedro.com.ar\/sitio\/wp-json\/wp\/v2\/types\/post"}],"author":[{"embeddable":true,"href":"https:\/\/eldiariodesanpedro.com.ar\/sitio\/wp-json\/wp\/v2\/users\/4"}],"replies":[{"embeddable":true,"href":"https:\/\/eldiariodesanpedro.com.ar\/sitio\/wp-json\/wp\/v2\/comments?post=58179"}],"version-history":[{"count":1,"href":"https:\/\/eldiariodesanpedro.com.ar\/sitio\/wp-json\/wp\/v2\/posts\/58179\/revisions"}],"predecessor-version":[{"id":58181,"href":"https:\/\/eldiariodesanpedro.com.ar\/sitio\/wp-json\/wp\/v2\/posts\/58179\/revisions\/58181"}],"wp:featuredmedia":[{"embeddable":true,"href":"https:\/\/eldiariodesanpedro.com.ar\/sitio\/wp-json\/wp\/v2\/media\/58180"}],"wp:attachment":[{"href":"https:\/\/eldiariodesanpedro.com.ar\/sitio\/wp-json\/wp\/v2\/media?parent=58179"}],"wp:term":[{"taxonomy":"category","embeddable":true,"href":"https:\/\/eldiariodesanpedro.com.ar\/sitio\/wp-json\/wp\/v2\/categories?post=58179"},{"taxonomy":"post_tag","embeddable":true,"href":"https:\/\/eldiariodesanpedro.com.ar\/sitio\/wp-json\/wp\/v2\/tags?post=58179"}],"curies":[{"name":"wp","href":"https:\/\/api.w.org\/{rel}","templated":true}]}}