{"id":58176,"date":"2019-08-15T10:04:45","date_gmt":"2019-08-15T13:04:45","guid":{"rendered":"https:\/\/eldiariodesanpedro.com.ar\/sitio\/?p=58176"},"modified":"2019-08-15T10:04:49","modified_gmt":"2019-08-15T13:04:49","slug":"ramallo-comerciantes-suspenden-ventas-por-la-suba-del-dolar","status":"publish","type":"post","link":"https:\/\/eldiariodesanpedro.com.ar\/sitio\/ramallo-comerciantes-suspenden-ventas-por-la-suba-del-dolar\/","title":{"rendered":"RAMALLO | Comerciantes suspenden ventas por la suba del d\u00f3lar"},"content":{"rendered":"<!-- VideographyWP Plugin Message: Automatic video embedding prevented by plugin options. -->\n\n<p>Comerciantes de Ramallo ven con preocupaci\u00f3n los sacudones econ\u00f3micos de los \u00faltimos d\u00edas. En algunos locales han suspendidos las ventas de productos, ante la falta de precios de referencias.<\/p>\n\n\n\n<p>En algunos supermercados los precios se vieron remarcados, sobre todo en aceites y derivados de la harina. Supermercadistas confirmaron los aumentos, pero no precisaron el porcentaje.<\/p>\n\n\n\n<p>En las casas de electrodom\u00e9sticos e inform\u00e1tica suspendieron las ventas de equipos de alto costo de reposici\u00f3n, hasta que no se establezca un valor del d\u00f3lar referencial. En las agencias de autos no est\u00e1n realizando operaciones.<\/p>\n\n\n\n<p>Fuente: Ramallo Ciudad<\/p>\n","protected":false},"excerpt":{"rendered":"<p>Comerciantes de Ramallo ven con preocupaci\u00f3n los sacudones econ\u00f3micos de los \u00faltimos d\u00edas. En algunos locales han suspendidos las ventas de productos, ante la falta de precios de referencias. En algunos supermercados los precios se vieron remarcados, sobre todo en aceites y derivados de la harina. Supermercadistas confirmaron los aumentos, pero no precisaron el porcentaje. [&hellip;]<\/p>\n","protected":false},"author":4,"featured_media":58177,"comment_status":"open","ping_status":"closed","sticky":false,"template":"","format":"standard","meta":{"om_disable_all_campaigns":false,"_jetpack_memberships_contains_paid_content":false,"footnotes":""},"categories":[621],"tags":[],"class_list":["post-58176","post","type-post","status-publish","format-standard","has-post-thumbnail","hentry","category-regionales"],"aioseo_notices":[],"gutentor_comment":0,"jetpack_featured_media_url":"https:\/\/eldiariodesanpedro.com.ar\/sitio\/wp-content\/uploads\/2019\/08\/bbx_387106025_1_comercio_ramallo.jpg","jetpack_shortlink":"https:\/\/wp.me\/p6RhLt-f8k","jetpack_sharing_enabled":true,"_links":{"self":[{"href":"https:\/\/eldiariodesanpedro.com.ar\/sitio\/wp-json\/wp\/v2\/posts\/58176","targetHints":{"allow":["GET"]}}],"collection":[{"href":"https:\/\/eldiariodesanpedro.com.ar\/sitio\/wp-json\/wp\/v2\/posts"}],"about":[{"href":"https:\/\/eldiariodesanpedro.com.ar\/sitio\/wp-json\/wp\/v2\/types\/post"}],"author":[{"embeddable":true,"href":"https:\/\/eldiariodesanpedro.com.ar\/sitio\/wp-json\/wp\/v2\/users\/4"}],"replies":[{"embeddable":true,"href":"https:\/\/eldiariodesanpedro.com.ar\/sitio\/wp-json\/wp\/v2\/comments?post=58176"}],"version-history":[{"count":1,"href":"https:\/\/eldiariodesanpedro.com.ar\/sitio\/wp-json\/wp\/v2\/posts\/58176\/revisions"}],"predecessor-version":[{"id":58178,"href":"https:\/\/eldiariodesanpedro.com.ar\/sitio\/wp-json\/wp\/v2\/posts\/58176\/revisions\/58178"}],"wp:featuredmedia":[{"embeddable":true,"href":"https:\/\/eldiariodesanpedro.com.ar\/sitio\/wp-json\/wp\/v2\/media\/58177"}],"wp:attachment":[{"href":"https:\/\/eldiariodesanpedro.com.ar\/sitio\/wp-json\/wp\/v2\/media?parent=58176"}],"wp:term":[{"taxonomy":"category","embeddable":true,"href":"https:\/\/eldiariodesanpedro.com.ar\/sitio\/wp-json\/wp\/v2\/categories?post=58176"},{"taxonomy":"post_tag","embeddable":true,"href":"https:\/\/eldiariodesanpedro.com.ar\/sitio\/wp-json\/wp\/v2\/tags?post=58176"}],"curies":[{"name":"wp","href":"https:\/\/api.w.org\/{rel}","templated":true}]}}