{"id":58173,"date":"2019-08-15T10:02:19","date_gmt":"2019-08-15T13:02:19","guid":{"rendered":"https:\/\/eldiariodesanpedro.com.ar\/sitio\/?p=58173"},"modified":"2019-08-15T10:02:23","modified_gmt":"2019-08-15T13:02:23","slug":"san-nicolas-comenzo-a-cursarse-la-licenciatura-en-turismo","status":"publish","type":"post","link":"https:\/\/eldiariodesanpedro.com.ar\/sitio\/san-nicolas-comenzo-a-cursarse-la-licenciatura-en-turismo\/","title":{"rendered":"SAN NICOL\u00c1S | Comenz\u00f3 a cursarse la Licenciatura en Turismo"},"content":{"rendered":"<!-- VideographyWP Plugin Message: Automatic video embedding prevented by plugin options. -->\n\n<p>\n\nEl s\u00e1bado 10 de agosto comenz\u00f3 a cursarse la Licenciatura en Turismo. El ciclo tiene una duraci\u00f3n de 1 a\u00f1o y medio y est\u00e1 a cargo de la Universidad Provincial de Ezeiza.<\/p>\n\n\n\n<p>La Licenciatura en Turismo tiene formaci\u00f3n te\u00f3rica, metodol\u00f3gica, tecnol\u00f3gica e instrumental para dise\u00f1ar, ejecutar y evaluar emprendimientos sustentables, comprender y gestionar el sector tur\u00edstico y hotelero.<br><br>M\u00e1s all\u00e1 de que ya se curs\u00f3 la primera clase, la inscripci\u00f3n contin\u00faa abierta por los pr\u00f3ximos d\u00edas y los interesados pueden inscribirse en el Polo Universitario (Lavalle 112), de lunes a viernes de 8 a 12 hs. Adem\u00e1s, recibir\u00e1n asesoramiento sobre la oferta educativa local a trav\u00e9s del Consejo Universitario conformado por representantes de diferentes instituciones educativas de la ciudad.<br><br>El Polo Universitario San Nicol\u00e1s funciona como centro generador de oportunidades educativas, orientaci\u00f3n vocacional y promotor de la oferta acad\u00e9mica en San Nicol\u00e1s.<br><br>Al firmar convenios con 4 universidades, el Polo Universitario le ofrece a los nicole\u00f1os la oportunidad de tener diferentes propuestas seg\u00fan las necesidades que tiene San Nicol\u00e1s en el mercado laboral.<\/p>\n\n\n\n<p>Fuente: Diario El Informante<\/p>\n","protected":false},"excerpt":{"rendered":"<p>El s\u00e1bado 10 de agosto comenz\u00f3 a cursarse la Licenciatura en Turismo. El ciclo tiene una duraci\u00f3n de 1 a\u00f1o y medio y est\u00e1 a cargo de la Universidad Provincial de Ezeiza. La Licenciatura en Turismo tiene formaci\u00f3n te\u00f3rica, metodol\u00f3gica, tecnol\u00f3gica e instrumental para dise\u00f1ar, ejecutar y evaluar emprendimientos sustentables, comprender y gestionar el sector [&hellip;]<\/p>\n","protected":false},"author":4,"featured_media":58174,"comment_status":"open","ping_status":"closed","sticky":false,"template":"","format":"standard","meta":{"om_disable_all_campaigns":false,"_jetpack_memberships_contains_paid_content":false,"footnotes":""},"categories":[621],"tags":[],"class_list":["post-58173","post","type-post","status-publish","format-standard","has-post-thumbnail","hentry","category-regionales"],"aioseo_notices":[],"gutentor_comment":0,"jetpack_featured_media_url":"https:\/\/eldiariodesanpedro.com.ar\/sitio\/wp-content\/uploads\/2019\/08\/no_dosmsvccwknydgclic_turismo_1.jpg","jetpack_shortlink":"https:\/\/wp.me\/p6RhLt-f8h","jetpack_sharing_enabled":true,"_links":{"self":[{"href":"https:\/\/eldiariodesanpedro.com.ar\/sitio\/wp-json\/wp\/v2\/posts\/58173","targetHints":{"allow":["GET"]}}],"collection":[{"href":"https:\/\/eldiariodesanpedro.com.ar\/sitio\/wp-json\/wp\/v2\/posts"}],"about":[{"href":"https:\/\/eldiariodesanpedro.com.ar\/sitio\/wp-json\/wp\/v2\/types\/post"}],"author":[{"embeddable":true,"href":"https:\/\/eldiariodesanpedro.com.ar\/sitio\/wp-json\/wp\/v2\/users\/4"}],"replies":[{"embeddable":true,"href":"https:\/\/eldiariodesanpedro.com.ar\/sitio\/wp-json\/wp\/v2\/comments?post=58173"}],"version-history":[{"count":1,"href":"https:\/\/eldiariodesanpedro.com.ar\/sitio\/wp-json\/wp\/v2\/posts\/58173\/revisions"}],"predecessor-version":[{"id":58175,"href":"https:\/\/eldiariodesanpedro.com.ar\/sitio\/wp-json\/wp\/v2\/posts\/58173\/revisions\/58175"}],"wp:featuredmedia":[{"embeddable":true,"href":"https:\/\/eldiariodesanpedro.com.ar\/sitio\/wp-json\/wp\/v2\/media\/58174"}],"wp:attachment":[{"href":"https:\/\/eldiariodesanpedro.com.ar\/sitio\/wp-json\/wp\/v2\/media?parent=58173"}],"wp:term":[{"taxonomy":"category","embeddable":true,"href":"https:\/\/eldiariodesanpedro.com.ar\/sitio\/wp-json\/wp\/v2\/categories?post=58173"},{"taxonomy":"post_tag","embeddable":true,"href":"https:\/\/eldiariodesanpedro.com.ar\/sitio\/wp-json\/wp\/v2\/tags?post=58173"}],"curies":[{"name":"wp","href":"https:\/\/api.w.org\/{rel}","templated":true}]}}