{"id":58171,"date":"2019-08-15T10:17:48","date_gmt":"2019-08-15T13:17:48","guid":{"rendered":"https:\/\/eldiariodesanpedro.com.ar\/sitio\/?p=58171"},"modified":"2019-08-15T10:17:52","modified_gmt":"2019-08-15T13:17:52","slug":"violencia-familiar-un-aprehendido-por-agredir-a-su-pareja","status":"publish","type":"post","link":"https:\/\/eldiariodesanpedro.com.ar\/sitio\/violencia-familiar-un-aprehendido-por-agredir-a-su-pareja\/","title":{"rendered":"Violencia Familiar: Un aprehendido por agredir a su pareja"},"content":{"rendered":"<!-- VideographyWP Plugin Message: Automatic video embedding prevented by plugin options. -->\n\n<p>Sucedi\u00f3 este mi\u00e9rcoles cuando el agresor se presenta en la vivienda de su y comienza a realizar da\u00f1o a la misma y a agredir f\u00edsicamente a la mujer de 36 a\u00f1os de edad.<\/p>\n\n\n\n<p>As\u00ed fue como personal policial es alertada y tras r\u00e1pido accionar acuden a la morada en cuesti\u00f3n, sita en calle Ayacucho al 1300, donde es reducido un joven de 22, quien se encontraba en una actitud hostil.<\/p>\n\n\n\n<p>Finalmente es aprehendido y trasladado a la comisaria local puesto a disposici\u00f3n de la justicia.<\/p>\n\n\n\n<p>El mismo habr\u00eda provocado da\u00f1os en la puerta de la vivienda de su pareja femenina y ademas, la agredi\u00f3 f\u00edsicamente constatando luego lesiones de car\u00e1cter leve.<br><\/p>\n","protected":false},"excerpt":{"rendered":"<p>Sucedi\u00f3 este mi\u00e9rcoles cuando el agresor se presenta en la vivienda de su y comienza a realizar da\u00f1o a la misma y a agredir f\u00edsicamente a la mujer de 36 a\u00f1os de edad. As\u00ed fue como personal policial es alertada y tras r\u00e1pido accionar acuden a la morada en cuesti\u00f3n, sita en calle Ayacucho al [&hellip;]<\/p>\n","protected":false},"author":4,"featured_media":58189,"comment_status":"open","ping_status":"closed","sticky":false,"template":"","format":"standard","meta":{"om_disable_all_campaigns":false,"_jetpack_memberships_contains_paid_content":false,"footnotes":""},"categories":[2,103],"tags":[],"class_list":["post-58171","post","type-post","status-publish","format-standard","has-post-thumbnail","hentry","category-locales","category-policiales-locales"],"aioseo_notices":[],"gutentor_comment":0,"jetpack_featured_media_url":"https:\/\/eldiariodesanpedro.com.ar\/sitio\/wp-content\/uploads\/2019\/08\/IMG-20190815-WA0016.jpg","jetpack_shortlink":"https:\/\/wp.me\/p6RhLt-f8f","jetpack_sharing_enabled":true,"_links":{"self":[{"href":"https:\/\/eldiariodesanpedro.com.ar\/sitio\/wp-json\/wp\/v2\/posts\/58171","targetHints":{"allow":["GET"]}}],"collection":[{"href":"https:\/\/eldiariodesanpedro.com.ar\/sitio\/wp-json\/wp\/v2\/posts"}],"about":[{"href":"https:\/\/eldiariodesanpedro.com.ar\/sitio\/wp-json\/wp\/v2\/types\/post"}],"author":[{"embeddable":true,"href":"https:\/\/eldiariodesanpedro.com.ar\/sitio\/wp-json\/wp\/v2\/users\/4"}],"replies":[{"embeddable":true,"href":"https:\/\/eldiariodesanpedro.com.ar\/sitio\/wp-json\/wp\/v2\/comments?post=58171"}],"version-history":[{"count":1,"href":"https:\/\/eldiariodesanpedro.com.ar\/sitio\/wp-json\/wp\/v2\/posts\/58171\/revisions"}],"predecessor-version":[{"id":58192,"href":"https:\/\/eldiariodesanpedro.com.ar\/sitio\/wp-json\/wp\/v2\/posts\/58171\/revisions\/58192"}],"wp:featuredmedia":[{"embeddable":true,"href":"https:\/\/eldiariodesanpedro.com.ar\/sitio\/wp-json\/wp\/v2\/media\/58189"}],"wp:attachment":[{"href":"https:\/\/eldiariodesanpedro.com.ar\/sitio\/wp-json\/wp\/v2\/media?parent=58171"}],"wp:term":[{"taxonomy":"category","embeddable":true,"href":"https:\/\/eldiariodesanpedro.com.ar\/sitio\/wp-json\/wp\/v2\/categories?post=58171"},{"taxonomy":"post_tag","embeddable":true,"href":"https:\/\/eldiariodesanpedro.com.ar\/sitio\/wp-json\/wp\/v2\/tags?post=58171"}],"curies":[{"name":"wp","href":"https:\/\/api.w.org\/{rel}","templated":true}]}}