{"id":58167,"date":"2019-08-15T09:59:55","date_gmt":"2019-08-15T12:59:55","guid":{"rendered":"https:\/\/eldiariodesanpedro.com.ar\/sitio\/?p=58167"},"modified":"2019-08-15T09:59:59","modified_gmt":"2019-08-15T12:59:59","slug":"campana-siguen-las-tareas-de-mantenimiento-para-evitar-anegamientos-en-el-barrio-romano","status":"publish","type":"post","link":"https:\/\/eldiariodesanpedro.com.ar\/sitio\/campana-siguen-las-tareas-de-mantenimiento-para-evitar-anegamientos-en-el-barrio-romano\/","title":{"rendered":"CAMPANA | Siguen las tareas de mantenimiento para evitar anegamientos en el barrio Romano"},"content":{"rendered":"<!-- VideographyWP Plugin Message: Automatic video embedding prevented by plugin options. -->\n\n<p>\n\nLuego de trabajar en la apertura y ensanche de canales colectores, el Municipio realiz\u00f3 un importante cruce de calles sobre Necochea. El intendente Abella recorri\u00f3 el lugar.<\/p>\n\n\n\n<p>La Secretar\u00eda de Descentralizaci\u00f3n del Municipio avanza con los trabajos para terminar con los anegamientos en el barrio Romano.<br><br>Y ahora realiz\u00f3 un importante cruce de calles sobre Necochea a fin de garantizar un mejor escurrimiento del agua de lluvia y as\u00ed terminar con los anegamientos en calles y viviendas.<br><br>Con este mismo objetivo, la semana pasada maquinarias de gran porte ya hab\u00edan realizado la apertura y ensanche de canales colectores que atraves\u00f3 no solo este barrio sino tambi\u00e9n 9 de Julio y Dallera.<br><br>El intendente Sebasti\u00e1n Abella estuvo presente en el lugar constatando el desarrollo de las tareas que incluy\u00f3, adem\u00e1s, el entoscado y perfilado de calles para optimizar su transitabilidad.<\/p>\n\n\n\n<p>Fuente: Campana Noticias<\/p>\n","protected":false},"excerpt":{"rendered":"<p>Luego de trabajar en la apertura y ensanche de canales colectores, el Municipio realiz\u00f3 un importante cruce de calles sobre Necochea. El intendente Abella recorri\u00f3 el lugar. La Secretar\u00eda de Descentralizaci\u00f3n del Municipio avanza con los trabajos para terminar con los anegamientos en el barrio Romano. Y ahora realiz\u00f3 un importante cruce de calles sobre [&hellip;]<\/p>\n","protected":false},"author":4,"featured_media":58170,"comment_status":"open","ping_status":"closed","sticky":false,"template":"","format":"standard","meta":{"om_disable_all_campaigns":false,"_jetpack_memberships_contains_paid_content":false,"footnotes":""},"categories":[621],"tags":[],"class_list":["post-58167","post","type-post","status-publish","format-standard","has-post-thumbnail","hentry","category-regionales"],"aioseo_notices":[],"gutentor_comment":0,"jetpack_featured_media_url":"https:\/\/eldiariodesanpedro.com.ar\/sitio\/wp-content\/uploads\/2019\/08\/20190813051503.jpg","jetpack_shortlink":"https:\/\/wp.me\/p6RhLt-f8b","jetpack_sharing_enabled":true,"_links":{"self":[{"href":"https:\/\/eldiariodesanpedro.com.ar\/sitio\/wp-json\/wp\/v2\/posts\/58167","targetHints":{"allow":["GET"]}}],"collection":[{"href":"https:\/\/eldiariodesanpedro.com.ar\/sitio\/wp-json\/wp\/v2\/posts"}],"about":[{"href":"https:\/\/eldiariodesanpedro.com.ar\/sitio\/wp-json\/wp\/v2\/types\/post"}],"author":[{"embeddable":true,"href":"https:\/\/eldiariodesanpedro.com.ar\/sitio\/wp-json\/wp\/v2\/users\/4"}],"replies":[{"embeddable":true,"href":"https:\/\/eldiariodesanpedro.com.ar\/sitio\/wp-json\/wp\/v2\/comments?post=58167"}],"version-history":[{"count":1,"href":"https:\/\/eldiariodesanpedro.com.ar\/sitio\/wp-json\/wp\/v2\/posts\/58167\/revisions"}],"predecessor-version":[{"id":58172,"href":"https:\/\/eldiariodesanpedro.com.ar\/sitio\/wp-json\/wp\/v2\/posts\/58167\/revisions\/58172"}],"wp:featuredmedia":[{"embeddable":true,"href":"https:\/\/eldiariodesanpedro.com.ar\/sitio\/wp-json\/wp\/v2\/media\/58170"}],"wp:attachment":[{"href":"https:\/\/eldiariodesanpedro.com.ar\/sitio\/wp-json\/wp\/v2\/media?parent=58167"}],"wp:term":[{"taxonomy":"category","embeddable":true,"href":"https:\/\/eldiariodesanpedro.com.ar\/sitio\/wp-json\/wp\/v2\/categories?post=58167"},{"taxonomy":"post_tag","embeddable":true,"href":"https:\/\/eldiariodesanpedro.com.ar\/sitio\/wp-json\/wp\/v2\/tags?post=58167"}],"curies":[{"name":"wp","href":"https:\/\/api.w.org\/{rel}","templated":true}]}}