{"id":58166,"date":"2019-08-15T09:58:56","date_gmt":"2019-08-15T12:58:56","guid":{"rendered":"https:\/\/eldiariodesanpedro.com.ar\/sitio\/?p=58166"},"modified":"2019-08-15T09:59:00","modified_gmt":"2019-08-15T12:59:00","slug":"js-textil-ex-empleados-denuncian-posible-vaciamiento-de-la-empresa","status":"publish","type":"post","link":"https:\/\/eldiariodesanpedro.com.ar\/sitio\/js-textil-ex-empleados-denuncian-posible-vaciamiento-de-la-empresa\/","title":{"rendered":"J&#038;S Textil: Ex empleados denuncian posible vaciamiento de la empresa"},"content":{"rendered":"<!-- VideographyWP Plugin Message: Automatic video embedding prevented by plugin options. -->\n\n<p>La sospecha se levanto por la noche del mi\u00e9rcoles cuando representantes de la empresa se acercaron intentando sacar elementos del interior de la misma.<\/p>\n\n\n\n<p>\u00abCuando nos dimos cuenta hab\u00edan sacado por el port\u00f3n grande de la calle sobre Chivilcoy las cubiertas que estaban puestas para evitar que saquen cosas por ah\u00ed, seguramente quer\u00edan venir de madrugada pero nos dimos cuenta antes\u00bb, contaba una de las ex empleadas a un medio radial.<\/p>\n\n\n\n<p> La f\u00e1brica ubicada en Ruta 1001 y Chivilcoy, productora de confecci\u00f3n de prendas de vestir cerro sus puertas casi tres meses atr\u00e1s, desde ese momento los empleados se dividieron en grupos tomando distintas medidas para reclamar lo que les correspond\u00eda, mientras que otro grupo realiza una vigilia en las puertas de hace ya 73 d\u00edas por miedo a que los directivos vac\u00eden la misma.<\/p>\n\n\n\n<p>Hoy los empleados esperan una cautelar de embargo, \u00bb <br>la plata la tienen, porque lo que nos deben es una \u00ednfima parte de lo que hay ac\u00e1 adentro y lo que hicieron con la empresa\u00bb. <\/p>\n\n\n\n<p><br><br><\/p>\n\n\n\n<p><\/p>\n","protected":false},"excerpt":{"rendered":"<p>La sospecha se levanto por la noche del mi\u00e9rcoles cuando representantes de la empresa se acercaron intentando sacar elementos del interior de la misma. \u00abCuando nos dimos cuenta hab\u00edan sacado por el port\u00f3n grande de la calle sobre Chivilcoy las cubiertas que estaban puestas para evitar que saquen cosas por ah\u00ed, seguramente quer\u00edan venir de [&hellip;]<\/p>\n","protected":false},"author":4,"featured_media":58168,"comment_status":"open","ping_status":"closed","sticky":false,"template":"","format":"standard","meta":{"om_disable_all_campaigns":false,"_jetpack_memberships_contains_paid_content":false,"footnotes":""},"categories":[50,101,2],"tags":[],"class_list":["post-58166","post","type-post","status-publish","format-standard","has-post-thumbnail","hentry","category-destacadas","category-interes-general-locales","category-locales"],"aioseo_notices":[],"gutentor_comment":0,"jetpack_featured_media_url":"https:\/\/eldiariodesanpedro.com.ar\/sitio\/wp-content\/uploads\/2019\/08\/js.jpeg","jetpack_shortlink":"https:\/\/wp.me\/p6RhLt-f8a","jetpack_sharing_enabled":true,"_links":{"self":[{"href":"https:\/\/eldiariodesanpedro.com.ar\/sitio\/wp-json\/wp\/v2\/posts\/58166","targetHints":{"allow":["GET"]}}],"collection":[{"href":"https:\/\/eldiariodesanpedro.com.ar\/sitio\/wp-json\/wp\/v2\/posts"}],"about":[{"href":"https:\/\/eldiariodesanpedro.com.ar\/sitio\/wp-json\/wp\/v2\/types\/post"}],"author":[{"embeddable":true,"href":"https:\/\/eldiariodesanpedro.com.ar\/sitio\/wp-json\/wp\/v2\/users\/4"}],"replies":[{"embeddable":true,"href":"https:\/\/eldiariodesanpedro.com.ar\/sitio\/wp-json\/wp\/v2\/comments?post=58166"}],"version-history":[{"count":1,"href":"https:\/\/eldiariodesanpedro.com.ar\/sitio\/wp-json\/wp\/v2\/posts\/58166\/revisions"}],"predecessor-version":[{"id":58169,"href":"https:\/\/eldiariodesanpedro.com.ar\/sitio\/wp-json\/wp\/v2\/posts\/58166\/revisions\/58169"}],"wp:featuredmedia":[{"embeddable":true,"href":"https:\/\/eldiariodesanpedro.com.ar\/sitio\/wp-json\/wp\/v2\/media\/58168"}],"wp:attachment":[{"href":"https:\/\/eldiariodesanpedro.com.ar\/sitio\/wp-json\/wp\/v2\/media?parent=58166"}],"wp:term":[{"taxonomy":"category","embeddable":true,"href":"https:\/\/eldiariodesanpedro.com.ar\/sitio\/wp-json\/wp\/v2\/categories?post=58166"},{"taxonomy":"post_tag","embeddable":true,"href":"https:\/\/eldiariodesanpedro.com.ar\/sitio\/wp-json\/wp\/v2\/tags?post=58166"}],"curies":[{"name":"wp","href":"https:\/\/api.w.org\/{rel}","templated":true}]}}