{"id":58163,"date":"2019-08-15T08:53:05","date_gmt":"2019-08-15T11:53:05","guid":{"rendered":"https:\/\/eldiariodesanpedro.com.ar\/sitio\/?p=58163"},"modified":"2019-08-15T08:53:10","modified_gmt":"2019-08-15T11:53:10","slug":"el-padre-tulio-mattiussi-vive-en-la-quinta-del-obispo-de-san-nicolas","status":"publish","type":"post","link":"https:\/\/eldiariodesanpedro.com.ar\/sitio\/el-padre-tulio-mattiussi-vive-en-la-quinta-del-obispo-de-san-nicolas\/","title":{"rendered":"El padre Tulio Mattiussi vive en la quinta del obispo de San Nicol\u00e1s"},"content":{"rendered":"<!-- VideographyWP Plugin Message: Automatic video embedding prevented by plugin options. -->\n\n<p> A pesar de las pruebas, el sacerdote est\u00e1 a punto de quedar fuera de la causa y el portero que participaba de los hechos obtuvo la prisi\u00f3n domiciliaria. Un juez de la c\u00e1mara que los benefici\u00f3 es padre del abogado del sacerdote. <\/p>\n\n\n\n<p> A contramano de las pruebas del expediente,<strong>\u00a0Tulio Mattiussi<\/strong>, el cura acusado de haber abusado de chicos de un jard\u00edn de infantes en San Nicol\u00e1s, est\u00e1 a punto de quedar fuera de la causa judicial. Por su lado,\u00a0<strong>Anselmo Ojeda<\/strong>, el portero que participaba de los hechos, obtuvo el beneficio de la prisi\u00f3n domiciliaria. <\/p>\n\n\n\n<p> A contramano de las pruebas del expediente,<strong>\u00a0Tulio Mattiussi<\/strong>, el cura acusado de haber abusado de chicos de un jard\u00edn de infantes en nuestra ciudad, est\u00e1 a punto de quedar fuera de la causa judicial. Por su lado,\u00a0<strong>Anselmo Ojeda<\/strong>, el portero que participaba de los hechos, obtuvo el beneficio de la prisi\u00f3n domiciliaria. <\/p>\n\n\n\n<p>Las familias de los chicos que iban al jard\u00edn Bel\u00e9n, instituci\u00f3n tradicional de la ciudad, se sienten desamparadas. Un juez de primera instancia orden\u00f3 la detenci\u00f3n de Mattiussi y de Ojeda por abuso sexual de alumnos y alumnas\u00a0de entre tres y cuatro a\u00f1os. Ahora, otro magistrado orden\u00f3<strong>\u00a0la libertad\u00a0<\/strong>del religioso y la<strong>\u00a0prisi\u00f3n domiciliaria<\/strong>\u00a0del empleado.<\/p>\n\n\n\n<p>El juez que estuvo presente cuando se hicieron las c\u00e1maras Gesell a las v\u00edctimas, Ricardo Pratti,\u00a0<strong>fue reemplazado<\/strong>\u00a0por otro, que ante el pedido de la defensa del portero,\u00a0le otorg\u00f3 el beneficio con monitoreo electr\u00f3nico en casa de una hermana, en Mor\u00f3n.<\/p>\n\n\n\n<p>Hubo una tercera imputada, Mar\u00eda Rub\u00edes, para la que se pidi\u00f3 prisi\u00f3n preventiva, aunque no le fue otorgada por su<strong>\u00a0estado de salud<\/strong>. La mujer trabaja actualmente como secretaria en una escriban\u00eda en el centro de San Pedro.\u00a0<\/p>\n\n\n\n<p>Ante la liberaci\u00f3n del cura, los fiscales elevaron un recurso a la C\u00e1mara de Casaci\u00f3n, para que revea la resoluci\u00f3n que dej\u00f3 libre a Mattiussi y&nbsp;<strong>con las mismas pruebas<\/strong>, dej\u00f3 preso al portero.&nbsp;Por su parte, la defensa de Ojeda reclam\u00f3 su libertad, bas\u00e1ndose en los mismos argumentos.<\/p>\n\n\n\n<p>Carla Vitale, madre y t\u00eda de dos de los chicos afectados, se\u00f1ala que lo ocurrido en la causa \u00abes un<strong>&nbsp;hurac\u00e1n de malas acciones<\/strong>, abuso y abandono\u00bb.&nbsp; Carla, profundamente creyente, que fue alumna del mismo jard\u00edn y su vientre fue bendecido por Mattiussi cuando estuvo embarazada. Adem\u00e1s, el cura bautiz\u00f3 a su hija. La mujer lamenta no haber sido recibida por el obispo&nbsp;Hugo Santiago ni protegida por la escuela o funcionarios de Educaci\u00f3n.<\/p>\n\n\n\n<p>\u00abEl cura est\u00e1 al borde del sobreseimiento,&nbsp;obviando pruebas esenciales. Dicen que los chicos fabularon, que Tulio iba solo dos veces por mes. El abogado lo paga la curia. Se lo liber\u00f3 sin tener en cuenta los&nbsp;<strong>riesgos procesales<\/strong>. Nunca un llamado, ni reuni\u00f3n ni nada. Solo se gener\u00f3 un acta minimizando lo ocurrido. Del ministerio tampoco se pusieron nunca&nbsp;en contacto\u00bb, se queja.&nbsp;<\/p>\n\n\n\n<p>Entretanto, Mattiussi est\u00e1 alojado en la quinta del obispado, Nuestra Se\u00f1ora de Nazareth, en el barrio Sironi de San Nicol\u00e1s y se mueve en una camioneta 4&#215;4. \u00abSu defensor es hijo de un juez de la c\u00e1mara que se excusa de intervenir, pero es la \u00fanica sala, y sabemos que hay reuniones para protegerlo.\u00a0Hubo oraciones en el hall del juzgado, con docentes, maestras, preceptoras, vecinos y curas que ped\u00edan por el cura,<strong>\u00a0no por nuestros chicos<\/strong>.\u00a0 Y nuestros hijos son los que mientras tanto est\u00e1n angustiados, atemorizados. A nadie les importan las v\u00edctimas\u00bb, protesta Carla.<\/p>\n\n\n\n<p>Fuente: TN Noticias<br><br><br><br><\/p>\n","protected":false},"excerpt":{"rendered":"<p>A pesar de las pruebas, el sacerdote est\u00e1 a punto de quedar fuera de la causa y el portero que participaba de los hechos obtuvo la prisi\u00f3n domiciliaria. Un juez de la c\u00e1mara que los benefici\u00f3 es padre del abogado del sacerdote. A contramano de las pruebas del expediente,\u00a0Tulio Mattiussi, el cura acusado de haber [&hellip;]<\/p>\n","protected":false},"author":4,"featured_media":58164,"comment_status":"open","ping_status":"closed","sticky":false,"template":"","format":"standard","meta":{"om_disable_all_campaigns":false,"_jetpack_memberships_contains_paid_content":false,"footnotes":""},"categories":[50,101,2],"tags":[],"class_list":["post-58163","post","type-post","status-publish","format-standard","has-post-thumbnail","hentry","category-destacadas","category-interes-general-locales","category-locales"],"aioseo_notices":[],"gutentor_comment":0,"jetpack_featured_media_url":"https:\/\/eldiariodesanpedro.com.ar\/sitio\/wp-content\/uploads\/2019\/08\/1557235893089-770x417.jpg","jetpack_shortlink":"https:\/\/wp.me\/p6RhLt-f87","jetpack_sharing_enabled":true,"_links":{"self":[{"href":"https:\/\/eldiariodesanpedro.com.ar\/sitio\/wp-json\/wp\/v2\/posts\/58163","targetHints":{"allow":["GET"]}}],"collection":[{"href":"https:\/\/eldiariodesanpedro.com.ar\/sitio\/wp-json\/wp\/v2\/posts"}],"about":[{"href":"https:\/\/eldiariodesanpedro.com.ar\/sitio\/wp-json\/wp\/v2\/types\/post"}],"author":[{"embeddable":true,"href":"https:\/\/eldiariodesanpedro.com.ar\/sitio\/wp-json\/wp\/v2\/users\/4"}],"replies":[{"embeddable":true,"href":"https:\/\/eldiariodesanpedro.com.ar\/sitio\/wp-json\/wp\/v2\/comments?post=58163"}],"version-history":[{"count":1,"href":"https:\/\/eldiariodesanpedro.com.ar\/sitio\/wp-json\/wp\/v2\/posts\/58163\/revisions"}],"predecessor-version":[{"id":58165,"href":"https:\/\/eldiariodesanpedro.com.ar\/sitio\/wp-json\/wp\/v2\/posts\/58163\/revisions\/58165"}],"wp:featuredmedia":[{"embeddable":true,"href":"https:\/\/eldiariodesanpedro.com.ar\/sitio\/wp-json\/wp\/v2\/media\/58164"}],"wp:attachment":[{"href":"https:\/\/eldiariodesanpedro.com.ar\/sitio\/wp-json\/wp\/v2\/media?parent=58163"}],"wp:term":[{"taxonomy":"category","embeddable":true,"href":"https:\/\/eldiariodesanpedro.com.ar\/sitio\/wp-json\/wp\/v2\/categories?post=58163"},{"taxonomy":"post_tag","embeddable":true,"href":"https:\/\/eldiariodesanpedro.com.ar\/sitio\/wp-json\/wp\/v2\/tags?post=58163"}],"curies":[{"name":"wp","href":"https:\/\/api.w.org\/{rel}","templated":true}]}}