{"id":58132,"date":"2019-08-14T11:46:54","date_gmt":"2019-08-14T14:46:54","guid":{"rendered":"https:\/\/eldiariodesanpedro.com.ar\/sitio\/?p=58132"},"modified":"2019-08-14T11:46:58","modified_gmt":"2019-08-14T14:46:58","slug":"secuestraron-una-moto-abandonada","status":"publish","type":"post","link":"https:\/\/eldiariodesanpedro.com.ar\/sitio\/secuestraron-una-moto-abandonada\/","title":{"rendered":"Secuestraron una moto abandonada"},"content":{"rendered":"<!-- VideographyWP Plugin Message: Automatic video embedding prevented by plugin options. -->\n\n<p>El rodado se encontraba estacionada, sin ocupantes, en estado de abandono sobre Brenam.<\/p>\n\n\n\n<p>Personal policial procedi\u00f3 al secuestro de una motocicleta marca Guerrero 110 cc,  la cual se hallaba abandonada y presentaba adulteraci\u00f3n supresi\u00f3n en numeraci\u00f3n de cuadro, infracci\u00f3n al art 289 del C\u00f3digo Penal. <\/p>\n\n\n\n<p>Interviene UFI 05 quedando el veh\u00edculo  secuestrado bajo cargo judicial esta dependencia. <br><\/p>\n","protected":false},"excerpt":{"rendered":"<p>El rodado se encontraba estacionada, sin ocupantes, en estado de abandono sobre Brenam. Personal policial procedi\u00f3 al secuestro de una motocicleta marca Guerrero 110 cc, la cual se hallaba abandonada y presentaba adulteraci\u00f3n supresi\u00f3n en numeraci\u00f3n de cuadro, infracci\u00f3n al art 289 del C\u00f3digo Penal. Interviene UFI 05 quedando el veh\u00edculo secuestrado bajo cargo judicial [&hellip;]<\/p>\n","protected":false},"author":4,"featured_media":58121,"comment_status":"open","ping_status":"closed","sticky":false,"template":"","format":"standard","meta":{"om_disable_all_campaigns":false,"_jetpack_memberships_contains_paid_content":false,"footnotes":""},"categories":[2,103],"tags":[],"class_list":["post-58132","post","type-post","status-publish","format-standard","has-post-thumbnail","hentry","category-locales","category-policiales-locales"],"aioseo_notices":[],"gutentor_comment":0,"jetpack_featured_media_url":"https:\/\/eldiariodesanpedro.com.ar\/sitio\/wp-content\/uploads\/2019\/08\/IMG-20190814-WA0009.jpg","jetpack_shortlink":"https:\/\/wp.me\/p6RhLt-f7C","jetpack_sharing_enabled":true,"_links":{"self":[{"href":"https:\/\/eldiariodesanpedro.com.ar\/sitio\/wp-json\/wp\/v2\/posts\/58132","targetHints":{"allow":["GET"]}}],"collection":[{"href":"https:\/\/eldiariodesanpedro.com.ar\/sitio\/wp-json\/wp\/v2\/posts"}],"about":[{"href":"https:\/\/eldiariodesanpedro.com.ar\/sitio\/wp-json\/wp\/v2\/types\/post"}],"author":[{"embeddable":true,"href":"https:\/\/eldiariodesanpedro.com.ar\/sitio\/wp-json\/wp\/v2\/users\/4"}],"replies":[{"embeddable":true,"href":"https:\/\/eldiariodesanpedro.com.ar\/sitio\/wp-json\/wp\/v2\/comments?post=58132"}],"version-history":[{"count":1,"href":"https:\/\/eldiariodesanpedro.com.ar\/sitio\/wp-json\/wp\/v2\/posts\/58132\/revisions"}],"predecessor-version":[{"id":58133,"href":"https:\/\/eldiariodesanpedro.com.ar\/sitio\/wp-json\/wp\/v2\/posts\/58132\/revisions\/58133"}],"wp:featuredmedia":[{"embeddable":true,"href":"https:\/\/eldiariodesanpedro.com.ar\/sitio\/wp-json\/wp\/v2\/media\/58121"}],"wp:attachment":[{"href":"https:\/\/eldiariodesanpedro.com.ar\/sitio\/wp-json\/wp\/v2\/media?parent=58132"}],"wp:term":[{"taxonomy":"category","embeddable":true,"href":"https:\/\/eldiariodesanpedro.com.ar\/sitio\/wp-json\/wp\/v2\/categories?post=58132"},{"taxonomy":"post_tag","embeddable":true,"href":"https:\/\/eldiariodesanpedro.com.ar\/sitio\/wp-json\/wp\/v2\/tags?post=58132"}],"curies":[{"name":"wp","href":"https:\/\/api.w.org\/{rel}","templated":true}]}}