{"id":58126,"date":"2019-08-14T11:37:23","date_gmt":"2019-08-14T14:37:23","guid":{"rendered":"https:\/\/eldiariodesanpedro.com.ar\/sitio\/?p=58126"},"modified":"2019-08-14T11:37:28","modified_gmt":"2019-08-14T14:37:28","slug":"un-aprehendido-por-amenazas-y-tenencia-de-armas","status":"publish","type":"post","link":"https:\/\/eldiariodesanpedro.com.ar\/sitio\/un-aprehendido-por-amenazas-y-tenencia-de-armas\/","title":{"rendered":"Un aprehendido por amenazas y tenencia de armas"},"content":{"rendered":"<!-- VideographyWP Plugin Message: Automatic video embedding prevented by plugin options. -->\n\n<p>Este martes por la tarde Personal del  Gabinete Criminol\u00f3gico local juntamente con DDI, en relaci\u00f3n a un hecho denunciado dias atras por amenazas agravadas con el uso de arma de fuego, se diligencio orden de allanamiento resultando de caractir positivo.<\/p>\n\n\n\n<p>El evnto fue realizado para con el domicilio del acusado sito en calle Rio Bamba\u00a0 al 1700, logr\u00e1ndose el secuestro de \u00a0armamento de fuego con municiones intactos y \u00a0sustancia ilegal marihuana 17 gms, <\/p>\n\n\n\n<p>Se procedi\u00f3 a la aprehensi\u00f3n del sujeto masculino morador de 23 a\u00f1os de edad.<\/p>\n\n\n\n<p>Interviene la UFI N11.<\/p>\n","protected":false},"excerpt":{"rendered":"<p>Este martes por la tarde Personal del Gabinete Criminol\u00f3gico local juntamente con DDI, en relaci\u00f3n a un hecho denunciado dias atras por amenazas agravadas con el uso de arma de fuego, se diligencio orden de allanamiento resultando de caractir positivo. El evnto fue realizado para con el domicilio del acusado sito en calle Rio Bamba\u00a0 [&hellip;]<\/p>\n","protected":false},"author":4,"featured_media":58122,"comment_status":"open","ping_status":"closed","sticky":false,"template":"","format":"standard","meta":{"om_disable_all_campaigns":false,"_jetpack_memberships_contains_paid_content":false,"footnotes":""},"categories":[2,103],"tags":[],"class_list":["post-58126","post","type-post","status-publish","format-standard","has-post-thumbnail","hentry","category-locales","category-policiales-locales"],"aioseo_notices":[],"gutentor_comment":0,"jetpack_featured_media_url":"https:\/\/eldiariodesanpedro.com.ar\/sitio\/wp-content\/uploads\/2019\/08\/IMG-20190814-WA0010.jpg","jetpack_shortlink":"https:\/\/wp.me\/p6RhLt-f7w","jetpack_sharing_enabled":true,"_links":{"self":[{"href":"https:\/\/eldiariodesanpedro.com.ar\/sitio\/wp-json\/wp\/v2\/posts\/58126","targetHints":{"allow":["GET"]}}],"collection":[{"href":"https:\/\/eldiariodesanpedro.com.ar\/sitio\/wp-json\/wp\/v2\/posts"}],"about":[{"href":"https:\/\/eldiariodesanpedro.com.ar\/sitio\/wp-json\/wp\/v2\/types\/post"}],"author":[{"embeddable":true,"href":"https:\/\/eldiariodesanpedro.com.ar\/sitio\/wp-json\/wp\/v2\/users\/4"}],"replies":[{"embeddable":true,"href":"https:\/\/eldiariodesanpedro.com.ar\/sitio\/wp-json\/wp\/v2\/comments?post=58126"}],"version-history":[{"count":1,"href":"https:\/\/eldiariodesanpedro.com.ar\/sitio\/wp-json\/wp\/v2\/posts\/58126\/revisions"}],"predecessor-version":[{"id":58131,"href":"https:\/\/eldiariodesanpedro.com.ar\/sitio\/wp-json\/wp\/v2\/posts\/58126\/revisions\/58131"}],"wp:featuredmedia":[{"embeddable":true,"href":"https:\/\/eldiariodesanpedro.com.ar\/sitio\/wp-json\/wp\/v2\/media\/58122"}],"wp:attachment":[{"href":"https:\/\/eldiariodesanpedro.com.ar\/sitio\/wp-json\/wp\/v2\/media?parent=58126"}],"wp:term":[{"taxonomy":"category","embeddable":true,"href":"https:\/\/eldiariodesanpedro.com.ar\/sitio\/wp-json\/wp\/v2\/categories?post=58126"},{"taxonomy":"post_tag","embeddable":true,"href":"https:\/\/eldiariodesanpedro.com.ar\/sitio\/wp-json\/wp\/v2\/tags?post=58126"}],"curies":[{"name":"wp","href":"https:\/\/api.w.org\/{rel}","templated":true}]}}