{"id":58097,"date":"2019-08-14T11:28:47","date_gmt":"2019-08-14T14:28:47","guid":{"rendered":"https:\/\/eldiariodesanpedro.com.ar\/sitio\/?p=58097"},"modified":"2019-08-14T11:28:52","modified_gmt":"2019-08-14T14:28:52","slug":"se-recuperaron-trozos-de-cable-subterraneo","status":"publish","type":"post","link":"https:\/\/eldiariodesanpedro.com.ar\/sitio\/se-recuperaron-trozos-de-cable-subterraneo\/","title":{"rendered":"Se recuperaron trozos de cable subterr\u00e1neo"},"content":{"rendered":"<!-- VideographyWP Plugin Message: Automatic video embedding prevented by plugin options. -->\n\n<p>Este martes Personal Comisaria  juntamente con  personal CPR, procedieron al secuestro de gran cantidad de trozos de cable subterr\u00e1neo de color violeta valuados en $300 mil pesos.<\/p>\n\n\n\n<p>El hallazgo se produjo en callej\u00f3n Novela cuartel V, siendo sustra\u00eddo durante el d\u00eda lunes alertada patrulla Rural. El  secuestro fue  de dos trozos de cable subterr\u00e1neo color violeta de 10 x4 valuado en $300.000.<\/p>\n\n\n\n<p>Interviene la Fiscalia N\u00ba5 <\/p>\n\n\n\n<p><br><\/p>\n","protected":false},"excerpt":{"rendered":"<p>Este martes Personal Comisaria juntamente con personal CPR, procedieron al secuestro de gran cantidad de trozos de cable subterr\u00e1neo de color violeta valuados en $300 mil pesos. El hallazgo se produjo en callej\u00f3n Novela cuartel V, siendo sustra\u00eddo durante el d\u00eda lunes alertada patrulla Rural. El secuestro fue de dos trozos de cable subterr\u00e1neo color [&hellip;]<\/p>\n","protected":false},"author":4,"featured_media":58123,"comment_status":"open","ping_status":"closed","sticky":false,"template":"","format":"standard","meta":{"om_disable_all_campaigns":false,"_jetpack_memberships_contains_paid_content":false,"footnotes":""},"categories":[2,103],"tags":[],"class_list":["post-58097","post","type-post","status-publish","format-standard","has-post-thumbnail","hentry","category-locales","category-policiales-locales"],"aioseo_notices":[],"gutentor_comment":0,"jetpack_featured_media_url":"https:\/\/eldiariodesanpedro.com.ar\/sitio\/wp-content\/uploads\/2019\/08\/IMG-20190814-WA0011.jpg","jetpack_shortlink":"https:\/\/wp.me\/p6RhLt-f73","jetpack_sharing_enabled":true,"_links":{"self":[{"href":"https:\/\/eldiariodesanpedro.com.ar\/sitio\/wp-json\/wp\/v2\/posts\/58097","targetHints":{"allow":["GET"]}}],"collection":[{"href":"https:\/\/eldiariodesanpedro.com.ar\/sitio\/wp-json\/wp\/v2\/posts"}],"about":[{"href":"https:\/\/eldiariodesanpedro.com.ar\/sitio\/wp-json\/wp\/v2\/types\/post"}],"author":[{"embeddable":true,"href":"https:\/\/eldiariodesanpedro.com.ar\/sitio\/wp-json\/wp\/v2\/users\/4"}],"replies":[{"embeddable":true,"href":"https:\/\/eldiariodesanpedro.com.ar\/sitio\/wp-json\/wp\/v2\/comments?post=58097"}],"version-history":[{"count":1,"href":"https:\/\/eldiariodesanpedro.com.ar\/sitio\/wp-json\/wp\/v2\/posts\/58097\/revisions"}],"predecessor-version":[{"id":58125,"href":"https:\/\/eldiariodesanpedro.com.ar\/sitio\/wp-json\/wp\/v2\/posts\/58097\/revisions\/58125"}],"wp:featuredmedia":[{"embeddable":true,"href":"https:\/\/eldiariodesanpedro.com.ar\/sitio\/wp-json\/wp\/v2\/media\/58123"}],"wp:attachment":[{"href":"https:\/\/eldiariodesanpedro.com.ar\/sitio\/wp-json\/wp\/v2\/media?parent=58097"}],"wp:term":[{"taxonomy":"category","embeddable":true,"href":"https:\/\/eldiariodesanpedro.com.ar\/sitio\/wp-json\/wp\/v2\/categories?post=58097"},{"taxonomy":"post_tag","embeddable":true,"href":"https:\/\/eldiariodesanpedro.com.ar\/sitio\/wp-json\/wp\/v2\/tags?post=58097"}],"curies":[{"name":"wp","href":"https:\/\/api.w.org\/{rel}","templated":true}]}}