{"id":58094,"date":"2019-08-14T11:15:25","date_gmt":"2019-08-14T14:15:25","guid":{"rendered":"https:\/\/eldiariodesanpedro.com.ar\/sitio\/?p=58094"},"modified":"2019-08-14T11:15:29","modified_gmt":"2019-08-14T14:15:29","slug":"san-nicolas-la-disparada-del-dolar-ya-impacta-en-gondolas-y-productos-de-tecnologia","status":"publish","type":"post","link":"https:\/\/eldiariodesanpedro.com.ar\/sitio\/san-nicolas-la-disparada-del-dolar-ya-impacta-en-gondolas-y-productos-de-tecnologia\/","title":{"rendered":"SAN NICOL\u00c1S | La disparada del d\u00f3lar ya impacta en g\u00f3ndolas y productos de tecnolog\u00eda"},"content":{"rendered":"<!-- VideographyWP Plugin Message: Automatic video embedding prevented by plugin options. -->\n\n<p><strong>En promedio, la remarcaci\u00f3n de precios en alimentos fue ayer de un 15 por ciento en supermercados y almacenes de la ciudad. En art\u00edculos de inform\u00e1tica y electrodom\u00e9sticos la actualizaci\u00f3n ronda el 20 por ciento. Hay proveedores que no est\u00e1n entregando insumos porque \u201cno tienen precio\u201d, advierten los comerciantes.<\/strong><\/p>\n\n\n\n<p>El estremecimiento econ\u00f3mico producido por el alza del billete norteamericano ya tiene correlato en los comercios de San Nicol\u00e1s. De acuerdo con lo que manifiestan los encargados de negocios del rubro alimentos, el precio en g\u00f3ndola en productos frescos y enlatados sufri\u00f3 \u2013en promedio\u2013 un 15 por ciento durante la jornada del lunes. Y no se descarta que sigan aumentando en las pr\u00f3ximas horas, de acuerdo con la movilidad que experimente la cotizaci\u00f3n del d\u00f3lar.Dos grandes proveedores de alimentos, golosinas, cigarrillos ya le comunicaron a kiosqueros y almaceneros que a partir de este martes se aplicar\u00e1 un aumento promedio del 14% a los diferentes productos. \u201cArcor nos avis\u00f3 hoy que nos van a bajar mercader\u00eda con un 15% de aumento\u201d, advirti\u00f3 la due\u00f1a de un drugstore ubicado en el microcentro.<\/p>\n\n\n\n<p>En electrodom\u00e9sticos, tecnolog\u00eda y perfumer\u00eda los incrementos rondan el 20%, al comp\u00e1s de la devaluaci\u00f3n de la moneda nacional. En algunos comercios de inform\u00e1tica los proveedores no entregan productos. \u201cAyer [por el lunes] los sitios web de nuestros proveedores permanecieron cerrados. Hoy estamos monitoreando la situaci\u00f3n. La incertidumbre es total\u201d, explic\u00f3 el propietario de un conocido comercio de inform\u00e1tica.Por el momento la decisi\u00f3n de la mayor\u00eda de las empresas proveedoras fue suspender las entregas a la espera de tener un panorama m\u00e1s claro. A pesar de ello, desde ayer se aplican aumentos importantes. \u201cNuestros productos est\u00e1n atados al d\u00f3lar porque vienen de afuera. Es l\u00f3gico que aumenten los precios si se dispara el d\u00f3lar\u201d, indic\u00f3 el gerente de un importante local de cadena de electrodom\u00e9sticos de nuestra ciudad.<\/p>\n\n\n\n<p>Tambi\u00e9n en varios comercios el rubro textil (indumentaria) comenz\u00f3 la remarcaci\u00f3n de precios, en el orden del 10% seg\u00fan advierten los propietarios en di\u00e1logo con este medio.<\/p>\n\n\n\n<p><strong>M\u00e1s sectores<\/strong><br>Entre los sectores m\u00e1s impactados por el alza del d\u00f3lar se encuentra el de repuestos de autos, donde los productos fueron remarcados con un 30 por ciento de incremento, sean nacionales o importados. Hubo casos en los que el cliente que ya ten\u00eda un presupuesto con anterioridad y se encontr\u00f3 el lunes mismo con que ese producto le costaba ahora mucho m\u00e1s caro. \u201cHay mucha incertidumbre porque no se sabe d\u00f3nde va a terminar esto. Ahora el d\u00f3lar est\u00e1 a 63 pesos, pero no sabemos si en un rato se va m\u00e1s arriba todav\u00eda\u201d, se lamentaba \u2013al mediod\u00eda\u2013 el propietario de un comercio dedicado a la venta de insumos tecnol\u00f3gicos.<\/p>\n\n\n\n<p>Efectivamente, la incertidumbre es factor com\u00fan entre los comerciantes puesto que con la disparada del d\u00f3lar se encarece toda la cadena de valor. \u201cY todav\u00eda falta que aumente el costo del flete. Lo peor es que esto va a echar m\u00e1s atr\u00e1s el consumo. Reci\u00e9n vino una mujer que necesita un lavarropas nuevo y sali\u00f3 espantada con los precios. Imaginate lo que va a pasar si no se logra controlar al d\u00f3lar\u201d, se quej\u00f3 otro comerciante.<\/p>\n\n\n\n<p>El escenario podr\u00eda agravarse todav\u00eda m\u00e1s cuando la suba del d\u00f3lar se traslade a combustibles y tarifas de servicios en virtud de que esos mayores costos son trasladados a los productos.Asimismo, la incertidumbre gana terreno en sector industrial ligado a la importaci\u00f3n de productos. El caso emblem\u00e1tico es la empresa Motomel, dedicada al ensamble de moto partes importadas, que desde hace ya muchos meses viene padeciendo la ca\u00edda de ventas. Ese escenario podr\u00eda agravarse a\u00fan m\u00e1s si el precio del producto se dispara en igual proporci\u00f3n que el d\u00f3lar. <\/p>\n\n\n\n<p>Fuente: Diario El Norte<\/p>\n","protected":false},"excerpt":{"rendered":"<p>En promedio, la remarcaci\u00f3n de precios en alimentos fue ayer de un 15 por ciento en supermercados y almacenes de la ciudad. En art\u00edculos de inform\u00e1tica y electrodom\u00e9sticos la actualizaci\u00f3n ronda el 20 por ciento. Hay proveedores que no est\u00e1n entregando insumos porque \u201cno tienen precio\u201d, advierten los comerciantes. El estremecimiento econ\u00f3mico producido por el [&hellip;]<\/p>\n","protected":false},"author":4,"featured_media":58095,"comment_status":"open","ping_status":"closed","sticky":false,"template":"","format":"standard","meta":{"om_disable_all_campaigns":false,"_jetpack_memberships_contains_paid_content":false,"footnotes":""},"categories":[621],"tags":[],"class_list":["post-58094","post","type-post","status-publish","format-standard","has-post-thumbnail","hentry","category-regionales"],"aioseo_notices":[],"gutentor_comment":0,"jetpack_featured_media_url":"https:\/\/eldiariodesanpedro.com.ar\/sitio\/wp-content\/uploads\/2019\/08\/0-5.jpg","jetpack_shortlink":"https:\/\/wp.me\/p6RhLt-f70","jetpack_sharing_enabled":true,"_links":{"self":[{"href":"https:\/\/eldiariodesanpedro.com.ar\/sitio\/wp-json\/wp\/v2\/posts\/58094","targetHints":{"allow":["GET"]}}],"collection":[{"href":"https:\/\/eldiariodesanpedro.com.ar\/sitio\/wp-json\/wp\/v2\/posts"}],"about":[{"href":"https:\/\/eldiariodesanpedro.com.ar\/sitio\/wp-json\/wp\/v2\/types\/post"}],"author":[{"embeddable":true,"href":"https:\/\/eldiariodesanpedro.com.ar\/sitio\/wp-json\/wp\/v2\/users\/4"}],"replies":[{"embeddable":true,"href":"https:\/\/eldiariodesanpedro.com.ar\/sitio\/wp-json\/wp\/v2\/comments?post=58094"}],"version-history":[{"count":1,"href":"https:\/\/eldiariodesanpedro.com.ar\/sitio\/wp-json\/wp\/v2\/posts\/58094\/revisions"}],"predecessor-version":[{"id":58096,"href":"https:\/\/eldiariodesanpedro.com.ar\/sitio\/wp-json\/wp\/v2\/posts\/58094\/revisions\/58096"}],"wp:featuredmedia":[{"embeddable":true,"href":"https:\/\/eldiariodesanpedro.com.ar\/sitio\/wp-json\/wp\/v2\/media\/58095"}],"wp:attachment":[{"href":"https:\/\/eldiariodesanpedro.com.ar\/sitio\/wp-json\/wp\/v2\/media?parent=58094"}],"wp:term":[{"taxonomy":"category","embeddable":true,"href":"https:\/\/eldiariodesanpedro.com.ar\/sitio\/wp-json\/wp\/v2\/categories?post=58094"},{"taxonomy":"post_tag","embeddable":true,"href":"https:\/\/eldiariodesanpedro.com.ar\/sitio\/wp-json\/wp\/v2\/tags?post=58094"}],"curies":[{"name":"wp","href":"https:\/\/api.w.org\/{rel}","templated":true}]}}