{"id":58091,"date":"2019-08-14T10:53:44","date_gmt":"2019-08-14T13:53:44","guid":{"rendered":"https:\/\/eldiariodesanpedro.com.ar\/sitio\/?p=58091"},"modified":"2019-08-14T10:53:49","modified_gmt":"2019-08-14T13:53:49","slug":"zarate-un-joven-intento-arrojarse-desde-el-puente-del-viaducto","status":"publish","type":"post","link":"https:\/\/eldiariodesanpedro.com.ar\/sitio\/zarate-un-joven-intento-arrojarse-desde-el-puente-del-viaducto\/","title":{"rendered":"Z\u00c1RATE | Un joven intent\u00f3 arrojarse desde el Puente del Viaducto"},"content":{"rendered":"<!-- VideographyWP Plugin Message: Automatic video embedding prevented by plugin options. -->\n\n<p>Momento de mucha tensi\u00f3n se vivi\u00f3 esta tarde en el Viaducto Oscar Morano, cuando un joven, de 25 a\u00f1os aproximadamente, se sent\u00f3 en el puente por donde cruza el tren con intenciones de tirarse al vac\u00edo. <\/p>\n\n\n\n<p>Pasadas las 17:30 vecinos alertaron a las autoridades policiales y r\u00e1pidamente llegaron al lugar junto a bomberos voluntarios y una ambulancia del Servicio de Emergencias M\u00e9dicas Municipal (SEMU). <\/p>\n\n\n\n<p> Luego de varios minutos de charla, lograron convencer al joven para que deponga de su actitud y r\u00e1pidamente fue trasladado hacia la ambulancia. <\/p>\n\n\n\n<p>Fuente: Impacto Local <\/p>\n","protected":false},"excerpt":{"rendered":"<p>Momento de mucha tensi\u00f3n se vivi\u00f3 esta tarde en el Viaducto Oscar Morano, cuando un joven, de 25 a\u00f1os aproximadamente, se sent\u00f3 en el puente por donde cruza el tren con intenciones de tirarse al vac\u00edo. Pasadas las 17:30 vecinos alertaron a las autoridades policiales y r\u00e1pidamente llegaron al lugar junto a bomberos voluntarios y [&hellip;]<\/p>\n","protected":false},"author":4,"featured_media":58092,"comment_status":"open","ping_status":"closed","sticky":false,"template":"","format":"standard","meta":{"om_disable_all_campaigns":false,"_jetpack_memberships_contains_paid_content":false,"footnotes":""},"categories":[621],"tags":[],"class_list":["post-58091","post","type-post","status-publish","format-standard","has-post-thumbnail","hentry","category-regionales"],"aioseo_notices":[],"gutentor_comment":0,"jetpack_featured_media_url":"https:\/\/eldiariodesanpedro.com.ar\/sitio\/wp-content\/uploads\/2019\/08\/20190813_183326.jpg","jetpack_shortlink":"https:\/\/wp.me\/p6RhLt-f6X","jetpack_sharing_enabled":true,"_links":{"self":[{"href":"https:\/\/eldiariodesanpedro.com.ar\/sitio\/wp-json\/wp\/v2\/posts\/58091","targetHints":{"allow":["GET"]}}],"collection":[{"href":"https:\/\/eldiariodesanpedro.com.ar\/sitio\/wp-json\/wp\/v2\/posts"}],"about":[{"href":"https:\/\/eldiariodesanpedro.com.ar\/sitio\/wp-json\/wp\/v2\/types\/post"}],"author":[{"embeddable":true,"href":"https:\/\/eldiariodesanpedro.com.ar\/sitio\/wp-json\/wp\/v2\/users\/4"}],"replies":[{"embeddable":true,"href":"https:\/\/eldiariodesanpedro.com.ar\/sitio\/wp-json\/wp\/v2\/comments?post=58091"}],"version-history":[{"count":1,"href":"https:\/\/eldiariodesanpedro.com.ar\/sitio\/wp-json\/wp\/v2\/posts\/58091\/revisions"}],"predecessor-version":[{"id":58093,"href":"https:\/\/eldiariodesanpedro.com.ar\/sitio\/wp-json\/wp\/v2\/posts\/58091\/revisions\/58093"}],"wp:featuredmedia":[{"embeddable":true,"href":"https:\/\/eldiariodesanpedro.com.ar\/sitio\/wp-json\/wp\/v2\/media\/58092"}],"wp:attachment":[{"href":"https:\/\/eldiariodesanpedro.com.ar\/sitio\/wp-json\/wp\/v2\/media?parent=58091"}],"wp:term":[{"taxonomy":"category","embeddable":true,"href":"https:\/\/eldiariodesanpedro.com.ar\/sitio\/wp-json\/wp\/v2\/categories?post=58091"},{"taxonomy":"post_tag","embeddable":true,"href":"https:\/\/eldiariodesanpedro.com.ar\/sitio\/wp-json\/wp\/v2\/tags?post=58091"}],"curies":[{"name":"wp","href":"https:\/\/api.w.org\/{rel}","templated":true}]}}