{"id":58088,"date":"2019-08-14T10:51:31","date_gmt":"2019-08-14T13:51:31","guid":{"rendered":"https:\/\/eldiariodesanpedro.com.ar\/sitio\/?p=58088"},"modified":"2019-08-14T10:51:35","modified_gmt":"2019-08-14T13:51:35","slug":"campana-honda-confirmo-que-deja-de-producir-autos-en-el-pais-y-peligran-mas-de-700-empleos","status":"publish","type":"post","link":"https:\/\/eldiariodesanpedro.com.ar\/sitio\/campana-honda-confirmo-que-deja-de-producir-autos-en-el-pais-y-peligran-mas-de-700-empleos\/","title":{"rendered":"CAMPANA | Honda confirm\u00f3 que deja de producir autos en el pa\u00eds y peligran m\u00e1s de 700 empleos"},"content":{"rendered":"<!-- VideographyWP Plugin Message: Automatic video embedding prevented by plugin options. -->\n\n<p><strong>Se paralizar\u00e1 la producci\u00f3n en la planta de Campana donde fabrica el modelo H-RV. La decisi\u00f3n comenzar\u00e1 a regir en 2020 por lo que peligran los m\u00e1s de 700 puestos de trabajo.<\/strong><\/p>\n\n\n\n<p>Despu\u00e9s de varias semanas de rumores que indicaba el cese de actividades, finalmente la automotriz Honda decidi\u00f3 dejar de producir autos en la Argentina y se concentrar\u00e1 \u00fanicamente en el segmento de motos por lo que es incierto el futuro de los cientos de trabajadores que emplea.<\/p>\n\n\n\n<p>La informaci\u00f3n, confirmada por \u00c1mbito Financiero, se oficializ\u00f3 durante una videocoferencia realizada desde Jap\u00f3n con las filiales regionales, especialmente en Brasil y la Argentina, durante la presentaci\u00f3n del plan de inversiones para la compa\u00f1\u00eda para los pr\u00f3ximos a\u00f1os.<\/p>\n\n\n\n<p>La producci\u00f3n no cesar\u00e1 inmediatamente en la planta emplazada en Campana, donde trabajan m\u00e1s de 700 empleados, sino que se har\u00e1 a partir del 2020. El modelo que por el momento sale de ese establecimiento es el SUV H-RV.<\/p>\n\n\n\n<p>En 2011, la automotriz japonesa hab\u00eda inaugurado la planta en Campana, despu\u00e9s de un per\u00edodo de incertidumbre debido a que no se terminaba de consolidad el proyecto.<\/p>\n\n\n\n<p>En 2006, Honda hab\u00eda inaugurado otra f\u00e1brica de motos en Florencio Varela que, unos 10 a\u00f1os despu\u00e9s y tambi\u00e9n bajo la gesti\u00f3n de Mauricio Macri, tambi\u00e9n decidi\u00f3 cerrar para concentrar toda su actividad en Campana.<\/p>\n\n\n\n<p><strong>Fuente:&nbsp;<\/strong>Noticias Z\u00e1rate Alerta&nbsp;<\/p>\n","protected":false},"excerpt":{"rendered":"<p>Se paralizar\u00e1 la producci\u00f3n en la planta de Campana donde fabrica el modelo H-RV. La decisi\u00f3n comenzar\u00e1 a regir en 2020 por lo que peligran los m\u00e1s de 700 puestos de trabajo. Despu\u00e9s de varias semanas de rumores que indicaba el cese de actividades, finalmente la automotriz Honda decidi\u00f3 dejar de producir autos en la [&hellip;]<\/p>\n","protected":false},"author":4,"featured_media":58089,"comment_status":"open","ping_status":"closed","sticky":false,"template":"","format":"standard","meta":{"om_disable_all_campaigns":false,"_jetpack_memberships_contains_paid_content":false,"footnotes":""},"categories":[621],"tags":[],"class_list":["post-58088","post","type-post","status-publish","format-standard","has-post-thumbnail","hentry","category-regionales"],"aioseo_notices":[],"gutentor_comment":0,"jetpack_featured_media_url":"https:\/\/eldiariodesanpedro.com.ar\/sitio\/wp-content\/uploads\/2019\/08\/honda-campana.jpg","jetpack_shortlink":"https:\/\/wp.me\/p6RhLt-f6U","jetpack_sharing_enabled":true,"_links":{"self":[{"href":"https:\/\/eldiariodesanpedro.com.ar\/sitio\/wp-json\/wp\/v2\/posts\/58088","targetHints":{"allow":["GET"]}}],"collection":[{"href":"https:\/\/eldiariodesanpedro.com.ar\/sitio\/wp-json\/wp\/v2\/posts"}],"about":[{"href":"https:\/\/eldiariodesanpedro.com.ar\/sitio\/wp-json\/wp\/v2\/types\/post"}],"author":[{"embeddable":true,"href":"https:\/\/eldiariodesanpedro.com.ar\/sitio\/wp-json\/wp\/v2\/users\/4"}],"replies":[{"embeddable":true,"href":"https:\/\/eldiariodesanpedro.com.ar\/sitio\/wp-json\/wp\/v2\/comments?post=58088"}],"version-history":[{"count":1,"href":"https:\/\/eldiariodesanpedro.com.ar\/sitio\/wp-json\/wp\/v2\/posts\/58088\/revisions"}],"predecessor-version":[{"id":58090,"href":"https:\/\/eldiariodesanpedro.com.ar\/sitio\/wp-json\/wp\/v2\/posts\/58088\/revisions\/58090"}],"wp:featuredmedia":[{"embeddable":true,"href":"https:\/\/eldiariodesanpedro.com.ar\/sitio\/wp-json\/wp\/v2\/media\/58089"}],"wp:attachment":[{"href":"https:\/\/eldiariodesanpedro.com.ar\/sitio\/wp-json\/wp\/v2\/media?parent=58088"}],"wp:term":[{"taxonomy":"category","embeddable":true,"href":"https:\/\/eldiariodesanpedro.com.ar\/sitio\/wp-json\/wp\/v2\/categories?post=58088"},{"taxonomy":"post_tag","embeddable":true,"href":"https:\/\/eldiariodesanpedro.com.ar\/sitio\/wp-json\/wp\/v2\/tags?post=58088"}],"curies":[{"name":"wp","href":"https:\/\/api.w.org\/{rel}","templated":true}]}}