{"id":58085,"date":"2019-08-14T10:50:00","date_gmt":"2019-08-14T13:50:00","guid":{"rendered":"https:\/\/eldiariodesanpedro.com.ar\/sitio\/?p=58085"},"modified":"2019-08-14T10:50:04","modified_gmt":"2019-08-14T13:50:04","slug":"campana-ruben-romano-campana-debe-seguir-en-linea-con-la-provincia-y-la-nacion","status":"publish","type":"post","link":"https:\/\/eldiariodesanpedro.com.ar\/sitio\/campana-ruben-romano-campana-debe-seguir-en-linea-con-la-provincia-y-la-nacion\/","title":{"rendered":"CAMPANA | Rub\u00e9n Romano: \u201cCampana debe seguir en l\u00ednea con la Provincia y la Naci\u00f3n"},"content":{"rendered":"<!-- VideographyWP Plugin Message: Automatic video embedding prevented by plugin options. -->\n\n<p>\n\nEl candidato a Intendente del Frente de Todos habl\u00f3 tras las elecciones del Domingo, y asegur\u00f3 que \u201clos vecinos tienen por delante el gran desaf\u00edo de decidir el futuro de la Ciudad\u201d. Romano sostuvo que la actual gesti\u00f3n del Intendente Abella \u201ctuvo un acompa\u00f1amiento acorde a las mejoras que hizo en algunos barrios. Pero no ser\u00e1 f\u00e1cil gestionar si el proyecto local va a contramano del nuevo proyecto de Provincia y de Pa\u00eds\u201d.<br><\/p>\n\n\n\n<p> El candidato a Intendente por el Frente de Todos, Rub\u00e9n Romano, habl\u00f3 tras los festejos del Domingo finalizadas las P.A.S.O, luego de una participaci\u00f3n masiva y un resultado que lo deja en carrera para las Generales de Octubre, donde se definir\u00e1 el nuevo Intendente de Campana.<\/p>\n\n\n\n<p>Pero adem\u00e1s de los resultados propios y el crecimiento del caudal de votos comparado con su primera elecci\u00f3n, en 2015, la alegr\u00eda de Romano tuvo sus principales motivos en el fuerte acompa\u00f1amiento a la f\u00f3rmula presidencial del Frente de Todos, integrada por Alberto Fern\u00e1ndez y Cristina Fern\u00e1ndez, al igual ocurriera con Axel Kicillof y Ver\u00f3nica Magario en la Provincia de Buenos Aires.&nbsp;<\/p>\n\n\n\n<p>\u201cMe pone muy feliz por todos los Argentinos, esta fuerte demostraci\u00f3n que ha hecho la ciudadan\u00eda en las urnas. En su momento, la gente vot\u00f3 un cambio. Pero claramente ese cambio no fue lo esperado, y la ciudadan\u00eda dijo basta. Campana no estuvo ausente, y ratific\u00f3 el nuevo rumbo. En nuestra Ciudad, Alberto y Cristina obtuvieron cerca de 22.800 votos, frente a los 20.200 de Mauricio Macri. Mientras que a nivel provincial, Axel y Ver\u00f3nica lograron casi 26.800 votos, frente a los 22.800 que obtuvo Mar\u00eda Eugenia Vidal\u201d.<\/p>\n\n\n\n<p>A su vez, el candidato del Frente de Todos reconoci\u00f3 la elecci\u00f3n realizada por el actual Intendente, Sebasti\u00e1n Abella. \u201cCreo que ha realizado algunas obras que fueron justamente reconocidas por los vecinos. Tuvo un acompa\u00f1amiento acorde a las mejoras que hizo en algunos barrios, porque la gente sabe lo importante que es contar con el apoyo de la Gobernaci\u00f3n y la Presidencia. Los vecinos han sido agradecidos, y esa es una caracter\u00edstica de nuestra Ciudad. Pero no ser\u00e1 f\u00e1cil gestionar si el proyecto local va a contramano del nuevo proyecto de Provincia y de Pa\u00eds, y a\u00fan m\u00e1s si siguen sin atenderse las prioridades de nuestra Comunidad, como la falta de empleo y la nula radicaci\u00f3n productiva que hoy existe\u201d.<\/p>\n\n\n\n<p>\u201cPienso que los vecinos tienen un gran cari\u00f1o y un fuerte compromiso con el lugar donde viven. Y en Octubre tienen por delante el gran desaf\u00edo de decidir el futuro de la Ciudad. No es tiempo de discutir si se hizo mucho, si se hizo poco, si se gestion\u00f3 bien o mal. Cualquier Jefe Comunal, con apoyo de los gobiernos provincial y nacional, puede hacer cosas para Campana. Una ciudad que tiene bases muy fuertes, con un casco c\u00e9ntrico pavimentado en su totalidad, agua potable, una planta depuradora nueva que permite tratar nuestros residuos cloacales, y una capacidad productiva como pocas\u201d se\u00f1al\u00f3, y agreg\u00f3: \u201cPor eso, debemos seguir en l\u00ednea con la Provincia y la Naci\u00f3n, y estamos seguros que el proyecto que me toca representar, junto a un equipo de j\u00f3venes y experimentados vecinos, continuar\u00e1 con las obras que hoy se llevan a cabo, pero a\u00fan mejor, incluir\u00e1 otras muy importantes en la agenda local, de las cuales ya estamos conversando con Alberto y Axel\u201d.&nbsp;<\/p>\n\n\n\n<p>Luego del rotundo rechazo en las urnas que tuvo el Gobierno de Mauricio Macri en casi todo el Pa\u00eds, Rub\u00e9n Romano se\u00f1al\u00f3 que \u201cse vienen buenos tiempos para la Argentina. Desde aqu\u00ed vamos a conformar un equipo de trabajo para golpear las puertas de la Provincia y de la Naci\u00f3n, para trabajar en conjunto y seguir creciendo. La actual gesti\u00f3n municipal est\u00e1 plagada de funcionarios que no son de aqu\u00ed, y que tal vez fueron \u00fatiles a la hora de gestionar mediante sus contactos en antiguos puestos. Pero ante el nuevo escenario, no podemos permitirnos hacer del Municipio un dep\u00f3sito de funcionarios PRO, que busquen aqu\u00ed resguardo luego de haber fracasado durante los \u00faltimos cuatro a\u00f1os\u201d concluy\u00f3. <\/p>\n\n\n\n<p>Fuente: Campana Noticias<\/p>\n","protected":false},"excerpt":{"rendered":"<p>El candidato a Intendente del Frente de Todos habl\u00f3 tras las elecciones del Domingo, y asegur\u00f3 que \u201clos vecinos tienen por delante el gran desaf\u00edo de decidir el futuro de la Ciudad\u201d. Romano sostuvo que la actual gesti\u00f3n del Intendente Abella \u201ctuvo un acompa\u00f1amiento acorde a las mejoras que hizo en algunos barrios. Pero no [&hellip;]<\/p>\n","protected":false},"author":4,"featured_media":58086,"comment_status":"open","ping_status":"closed","sticky":false,"template":"","format":"standard","meta":{"om_disable_all_campaigns":false,"_jetpack_memberships_contains_paid_content":false,"footnotes":""},"categories":[621],"tags":[],"class_list":["post-58085","post","type-post","status-publish","format-standard","has-post-thumbnail","hentry","category-regionales"],"aioseo_notices":[],"gutentor_comment":0,"jetpack_featured_media_url":"https:\/\/eldiariodesanpedro.com.ar\/sitio\/wp-content\/uploads\/2019\/08\/20190813074837.jpg","jetpack_shortlink":"https:\/\/wp.me\/p6RhLt-f6R","jetpack_sharing_enabled":true,"_links":{"self":[{"href":"https:\/\/eldiariodesanpedro.com.ar\/sitio\/wp-json\/wp\/v2\/posts\/58085","targetHints":{"allow":["GET"]}}],"collection":[{"href":"https:\/\/eldiariodesanpedro.com.ar\/sitio\/wp-json\/wp\/v2\/posts"}],"about":[{"href":"https:\/\/eldiariodesanpedro.com.ar\/sitio\/wp-json\/wp\/v2\/types\/post"}],"author":[{"embeddable":true,"href":"https:\/\/eldiariodesanpedro.com.ar\/sitio\/wp-json\/wp\/v2\/users\/4"}],"replies":[{"embeddable":true,"href":"https:\/\/eldiariodesanpedro.com.ar\/sitio\/wp-json\/wp\/v2\/comments?post=58085"}],"version-history":[{"count":1,"href":"https:\/\/eldiariodesanpedro.com.ar\/sitio\/wp-json\/wp\/v2\/posts\/58085\/revisions"}],"predecessor-version":[{"id":58087,"href":"https:\/\/eldiariodesanpedro.com.ar\/sitio\/wp-json\/wp\/v2\/posts\/58085\/revisions\/58087"}],"wp:featuredmedia":[{"embeddable":true,"href":"https:\/\/eldiariodesanpedro.com.ar\/sitio\/wp-json\/wp\/v2\/media\/58086"}],"wp:attachment":[{"href":"https:\/\/eldiariodesanpedro.com.ar\/sitio\/wp-json\/wp\/v2\/media?parent=58085"}],"wp:term":[{"taxonomy":"category","embeddable":true,"href":"https:\/\/eldiariodesanpedro.com.ar\/sitio\/wp-json\/wp\/v2\/categories?post=58085"},{"taxonomy":"post_tag","embeddable":true,"href":"https:\/\/eldiariodesanpedro.com.ar\/sitio\/wp-json\/wp\/v2\/tags?post=58085"}],"curies":[{"name":"wp","href":"https:\/\/api.w.org\/{rel}","templated":true}]}}