{"id":58079,"date":"2019-08-14T10:46:31","date_gmt":"2019-08-14T13:46:31","guid":{"rendered":"https:\/\/eldiariodesanpedro.com.ar\/sitio\/?p=58079"},"modified":"2019-08-14T10:46:35","modified_gmt":"2019-08-14T13:46:35","slug":"baradero-discriminacion-el-inadi-fallo-a-favor-de-la-alumna-a-la-que-no-le-renovaron-la-matricula-en-el-colegio-ferrari","status":"publish","type":"post","link":"https:\/\/eldiariodesanpedro.com.ar\/sitio\/baradero-discriminacion-el-inadi-fallo-a-favor-de-la-alumna-a-la-que-no-le-renovaron-la-matricula-en-el-colegio-ferrari\/","title":{"rendered":"BARADERO | Discriminaci\u00f3n: El INADI fall\u00f3 a favor de la alumna a la que no le renovaron la matr\u00edcula en el Colegio Ferrari"},"content":{"rendered":"<!-- VideographyWP Plugin Message: Automatic video embedding prevented by plugin options. -->\n\n<p><strong><em>\u00abPor los motivos expuestos, considero que los hechos denunciados<\/em><\/strong><br><strong><em>encuadran en los t\u00e9rminos de la Ley N.\u00b0 23.592, normas concordantes y<\/em><\/strong><br><strong><em>complementarias precedentemente citadas, como conducta discriminatoria.\u00bb<\/em><\/strong><\/p>\n\n\n\n<p>Este fue el dictamen al que lleg\u00f3 la representante legal del instituto nacional contra la discriminaci\u00f3n (INADI) en la causa que Luis Verdina inici\u00f3 contra las autoridades del Colegio Santiago Ferrari.<\/p>\n\n\n\n<p>El pasado a\u00f1o, en medio de una movida de estudiantes, que tenia como objetivo la aprobaci\u00f3n de la ley por el derecho al aborto legal y gratuito, se produjeron varios desencuentros entre alumnas del instituto y sus autoridades docentes y religiosas.<\/p>\n\n\n\n<p>Espec\u00edficamente, la principal figura que mas controversias gener\u00f3, fue la del Padre Lucas Mart\u00ednez, p\u00e1rroco de la iglesia Santiago Ap\u00f3stol y representante de la obra educativa parroquial, quien fue acusado de \u00abperseguir\u00bb a las alumnas que fuera del establecimiento apoyaban la causa de los pa\u00f1uelos verdes.<\/p>\n\n\n\n<p>Luis Verdina, que es desde el comienzo de la administraci\u00f3n Antonijevic, es director de derechos humanos del municipio, intercedi\u00f3 como funcionario en algunas de esas denuncias.<\/p>\n\n\n\n<p>Al momento de intentar renovar la matricula de su hija, que es alumna de la instituci\u00f3n, la misma le fue negada interponiendo el derecho de admisi\u00f3n y alegando un quiebre en la relaci\u00f3n escuela\/familia.<\/p>\n\n\n\n<p>Verdina, que mantuvo varias reuniones con los responsables de la obra educativa parroquial, ofreci\u00f3 dejar de ser el el nexo entre la escuela y la alumna para de esa manera evitar que se mezcle su responsabilidad como funcionario y la de padre, pero fue desestimada.<\/p>\n\n\n\n<p>Martina, que tenia hasta el momento de la no renovaci\u00f3n de la matricula, uno de los mejores promedios y fue elegida en el \u00faltimo acto protocolar del ciclo lectivo como mejor compa\u00f1era, debi\u00f3 seguir sus estudios en la escuela Marcos Sastre.<\/p>\n\n\n\n<p>Esta ma\u00f1ana, Luis Verdina invit\u00f3 a los medios de comunicaci\u00f3n a una conferencia de prensa aclarando que lo hacia en virtud de ciudadano com\u00fan y no como director de derechos humanos:&nbsp;<strong><em>\u00abMi intenci\u00f3n es que todos sepan que fue lo que ocurri\u00f3 con Martina por expreso pedido de ella y asegurar que, a partir de este dictamen que est\u00e1bamos esperando, vamos a iniciar acciones legales contra el colegio Santiago Ferrari\u00bb.<\/em><\/strong><\/p>\n\n\n\n<p>Verdina aclar\u00f3 que este dictamen, que lleg\u00f3 despu\u00e9s de un a\u00f1o, es espec\u00edficamente por su denuncia y referido a su hija:\u00a0<strong><em>\u00abotros padres, que tambi\u00e9n tuvieron problemas, siguieron su camino por distintas v\u00edas legales\u00bb<\/em><\/strong>\u00a0asegur\u00f3.<\/p>\n\n\n\n<p>Fuente: Baradero Te Informa<\/p>\n","protected":false},"excerpt":{"rendered":"<p>\u00abPor los motivos expuestos, considero que los hechos denunciadosencuadran en los t\u00e9rminos de la Ley N.\u00b0 23.592, normas concordantes ycomplementarias precedentemente citadas, como conducta discriminatoria.\u00bb Este fue el dictamen al que lleg\u00f3 la representante legal del instituto nacional contra la discriminaci\u00f3n (INADI) en la causa que Luis Verdina inici\u00f3 contra las autoridades del Colegio Santiago [&hellip;]<\/p>\n","protected":false},"author":4,"featured_media":58080,"comment_status":"open","ping_status":"closed","sticky":false,"template":"","format":"standard","meta":{"om_disable_all_campaigns":false,"_jetpack_memberships_contains_paid_content":false,"footnotes":""},"categories":[621],"tags":[],"class_list":["post-58079","post","type-post","status-publish","format-standard","has-post-thumbnail","hentry","category-regionales"],"aioseo_notices":[],"gutentor_comment":0,"jetpack_featured_media_url":"https:\/\/eldiariodesanpedro.com.ar\/sitio\/wp-content\/uploads\/2019\/08\/IMG_6073-Copy.jpg","jetpack_shortlink":"https:\/\/wp.me\/p6RhLt-f6L","jetpack_sharing_enabled":true,"_links":{"self":[{"href":"https:\/\/eldiariodesanpedro.com.ar\/sitio\/wp-json\/wp\/v2\/posts\/58079","targetHints":{"allow":["GET"]}}],"collection":[{"href":"https:\/\/eldiariodesanpedro.com.ar\/sitio\/wp-json\/wp\/v2\/posts"}],"about":[{"href":"https:\/\/eldiariodesanpedro.com.ar\/sitio\/wp-json\/wp\/v2\/types\/post"}],"author":[{"embeddable":true,"href":"https:\/\/eldiariodesanpedro.com.ar\/sitio\/wp-json\/wp\/v2\/users\/4"}],"replies":[{"embeddable":true,"href":"https:\/\/eldiariodesanpedro.com.ar\/sitio\/wp-json\/wp\/v2\/comments?post=58079"}],"version-history":[{"count":1,"href":"https:\/\/eldiariodesanpedro.com.ar\/sitio\/wp-json\/wp\/v2\/posts\/58079\/revisions"}],"predecessor-version":[{"id":58081,"href":"https:\/\/eldiariodesanpedro.com.ar\/sitio\/wp-json\/wp\/v2\/posts\/58079\/revisions\/58081"}],"wp:featuredmedia":[{"embeddable":true,"href":"https:\/\/eldiariodesanpedro.com.ar\/sitio\/wp-json\/wp\/v2\/media\/58080"}],"wp:attachment":[{"href":"https:\/\/eldiariodesanpedro.com.ar\/sitio\/wp-json\/wp\/v2\/media?parent=58079"}],"wp:term":[{"taxonomy":"category","embeddable":true,"href":"https:\/\/eldiariodesanpedro.com.ar\/sitio\/wp-json\/wp\/v2\/categories?post=58079"},{"taxonomy":"post_tag","embeddable":true,"href":"https:\/\/eldiariodesanpedro.com.ar\/sitio\/wp-json\/wp\/v2\/tags?post=58079"}],"curies":[{"name":"wp","href":"https:\/\/api.w.org\/{rel}","templated":true}]}}