{"id":58076,"date":"2019-08-14T10:20:00","date_gmt":"2019-08-14T13:20:00","guid":{"rendered":"https:\/\/eldiariodesanpedro.com.ar\/sitio\/?p=58076"},"modified":"2019-08-14T10:20:04","modified_gmt":"2019-08-14T13:20:04","slug":"inta-san-pedro-finaliza-la-gestion-de-armando-constantino-como-director-2","status":"publish","type":"post","link":"https:\/\/eldiariodesanpedro.com.ar\/sitio\/inta-san-pedro-finaliza-la-gestion-de-armando-constantino-como-director-2\/","title":{"rendered":"INTA SAN PEDRO | Finaliza la gesti\u00f3n de Armando Constantino como Director"},"content":{"rendered":"<!-- VideographyWP Plugin Message: Automatic video embedding prevented by plugin options. -->\n\n<p>Tras 4 a\u00f1os y 8 meses de gesti\u00f3n, el actual director de la Estaci\u00f3n Experimental Agropecuaria San Pedro del INTA, se despide de su funci\u00f3n. El procedimiento est\u00e1 previsto en los mecanismos de recambio que tiene la instituci\u00f3n, que convoca cada 4 a\u00f1os a concurso en los distintos cargos de conducci\u00f3n. El Ing.Agr. Armando Constantino pasar\u00e1 a desempe\u00f1arse como Asesor Ejecutivo de la Fundaci\u00f3n ArgenINTA en el Centro Regional Buenos Aires Norte con sede en el INTA Pergamino.<\/p>\n\n\n\n<p>Constantino inici\u00f3 su carrera en INTA como pasante de Agust\u00edn Mitidieri en 1986, en la secci\u00f3n Malezas, donde posteriormente ingresa como becario y en 1993 por concurso a la planta de INTA. Poco tiempo despu\u00e9s comienza sus estudios de posgrado en la Universidad Nacional de La Plata obteniendo el t\u00edtulo de Magister Scientiae en Protecci\u00f3n Vegetal. En 2014, cuando se hallaba coordinando el proyecto \u201cDesempe\u00f1o ambiental y socioecon\u00f3mico de sistemas de producci\u00f3n intensiva con \u00e9nfasis en \u00e1reas urbanas y periurbanas\u201d, accedi\u00f3 al concurso que lo puso en funciones en diciembre de ese a\u00f1o.<\/p>\n\n\n\n<p>La gesti\u00f3n de Constantino tuvo algunos ejes de trabajo, como la reorganizaci\u00f3n del Consejo Local Asesor de la unidad, que increment\u00f3 su presencia territorial en los cinco partidos del \u00e1rea de influencia de la Estaci\u00f3n Experimental, la frecuencia de reuniones y la participaci\u00f3n de sus integrantes en las acciones propias requeridas a los organismos consejeros a trav\u00e9s de la opini\u00f3n en aspectos inherentes a los abordados a trav\u00e9s de la innovaci\u00f3n tecnol\u00f3gica impulsados desde el Instituto. Adem\u00e1s, entre otros v\u00ednculos con gobiernos locales, se intensific\u00f3 el del vecino Municipio de Baradero, concretando numerosas iniciativas que sirven de ejemplo de articulaci\u00f3n. Internamente fue facilitador de los procesos de participaci\u00f3n en el armado de los proyectos para responder a las demandas del sector, como as\u00ed tambi\u00e9n la continuaci\u00f3n del impulso al mejoramiento en frutales de carozo, entre otros muchos, que posibilit\u00f3 la incorporaci\u00f3n de nuevas variedades y la conformaci\u00f3n de un equipo de biotecn\u00f3logos j\u00f3venes dedicados exclusivamente al tema en articulaci\u00f3n INTA-CONICET . <\/p>\n\n\n\n<p>Cuando asumi\u00f3 dijo: \u201cFormamos parte de una instituci\u00f3n del Estado Nacional fundamental para promover el crecimiento y desarrollo de los territorios de la costa norte bonaerense, con equidad e inclusi\u00f3n de todos los actores del sector agroalimentario y agroindustrial\u201d y se comprometi\u00f3 a poner \u00e9nfasis \u201cen la innovaci\u00f3n tecnol\u00f3gica y la aplicaci\u00f3n de pol\u00edticas p\u00fablicas en los territorios de la costa norte bonaerense\u201d. Transcurrido su mandato, puede estar satisfecho de haber aportado a ello.<\/p>\n","protected":false},"excerpt":{"rendered":"<p>Tras 4 a\u00f1os y 8 meses de gesti\u00f3n, el actual director de la Estaci\u00f3n Experimental Agropecuaria San Pedro del INTA, se despide de su funci\u00f3n. El procedimiento est\u00e1 previsto en los mecanismos de recambio que tiene la instituci\u00f3n, que convoca cada 4 a\u00f1os a concurso en los distintos cargos de conducci\u00f3n. El Ing.Agr. Armando Constantino [&hellip;]<\/p>\n","protected":false},"author":4,"featured_media":58077,"comment_status":"open","ping_status":"closed","sticky":false,"template":"","format":"standard","meta":{"om_disable_all_campaigns":false,"_jetpack_memberships_contains_paid_content":false,"footnotes":""},"categories":[101,2],"tags":[],"class_list":["post-58076","post","type-post","status-publish","format-standard","has-post-thumbnail","hentry","category-interes-general-locales","category-locales"],"aioseo_notices":[],"gutentor_comment":0,"jetpack_featured_media_url":"https:\/\/eldiariodesanpedro.com.ar\/sitio\/wp-content\/uploads\/2019\/08\/22860075_965616276926919_4130068424219815489_o.jpg","jetpack_shortlink":"https:\/\/wp.me\/p6RhLt-f6I","jetpack_sharing_enabled":true,"_links":{"self":[{"href":"https:\/\/eldiariodesanpedro.com.ar\/sitio\/wp-json\/wp\/v2\/posts\/58076","targetHints":{"allow":["GET"]}}],"collection":[{"href":"https:\/\/eldiariodesanpedro.com.ar\/sitio\/wp-json\/wp\/v2\/posts"}],"about":[{"href":"https:\/\/eldiariodesanpedro.com.ar\/sitio\/wp-json\/wp\/v2\/types\/post"}],"author":[{"embeddable":true,"href":"https:\/\/eldiariodesanpedro.com.ar\/sitio\/wp-json\/wp\/v2\/users\/4"}],"replies":[{"embeddable":true,"href":"https:\/\/eldiariodesanpedro.com.ar\/sitio\/wp-json\/wp\/v2\/comments?post=58076"}],"version-history":[{"count":1,"href":"https:\/\/eldiariodesanpedro.com.ar\/sitio\/wp-json\/wp\/v2\/posts\/58076\/revisions"}],"predecessor-version":[{"id":58078,"href":"https:\/\/eldiariodesanpedro.com.ar\/sitio\/wp-json\/wp\/v2\/posts\/58076\/revisions\/58078"}],"wp:featuredmedia":[{"embeddable":true,"href":"https:\/\/eldiariodesanpedro.com.ar\/sitio\/wp-json\/wp\/v2\/media\/58077"}],"wp:attachment":[{"href":"https:\/\/eldiariodesanpedro.com.ar\/sitio\/wp-json\/wp\/v2\/media?parent=58076"}],"wp:term":[{"taxonomy":"category","embeddable":true,"href":"https:\/\/eldiariodesanpedro.com.ar\/sitio\/wp-json\/wp\/v2\/categories?post=58076"},{"taxonomy":"post_tag","embeddable":true,"href":"https:\/\/eldiariodesanpedro.com.ar\/sitio\/wp-json\/wp\/v2\/tags?post=58076"}],"curies":[{"name":"wp","href":"https:\/\/api.w.org\/{rel}","templated":true}]}}