{"id":58072,"date":"2019-08-14T10:12:41","date_gmt":"2019-08-14T13:12:41","guid":{"rendered":"https:\/\/eldiariodesanpedro.com.ar\/sitio\/?p=58072"},"modified":"2019-08-14T10:12:45","modified_gmt":"2019-08-14T13:12:45","slug":"este-fin-de-semana-se-realizara-la-edicion-xvii-de-la-fiesta-de-la-ensaimada","status":"publish","type":"post","link":"https:\/\/eldiariodesanpedro.com.ar\/sitio\/este-fin-de-semana-se-realizara-la-edicion-xvii-de-la-fiesta-de-la-ensaimada\/","title":{"rendered":"Este fin de semana se realizar\u00e1 la edici\u00f3n XVII de la fiesta de la Ensaimada"},"content":{"rendered":"<!-- VideographyWP Plugin Message: Automatic video embedding prevented by plugin options. -->\n\n<p>Este martes por la ma\u00f1ana se llevo a cabo en el Centro Cultural Abelardo Castillo la conferencia de prensa presentada por las autoridades locales para comunicar las actividades previstas para este fin de semana largo donde se presentara la XVII edici\u00f3n de La Fiesta de la Ensaimada.<br> En el lugar estaban presentes Maria Jose \u00abMajo\u00bb Mora, Directora de Cultura, Directora de Turismo, Marcela Cu\u00f1er y el presidente de la Agrupaci\u00f3n Mallorca, Guastavo Gonzales Truyols.<\/p>\n\n\n\n<p> Seran tres dias donde podran disfrutar en familia nuevamente en el Paseo P\u00fablico Municipal, un espacio donde se desarrollara el evento con asador criollo, ferias, bailes tipicos, talleres, demostraci\u00f3n y elaboraci\u00f3n de la Ensaimada.<\/p>\n\n\n\n<p>La grilla del escenario musical ser\u00e1:<br> <\/p>\n\n\n\n<p><strong>S\u00e1bado 17 de agosto<\/strong><br> 14 hs: Apertura de la primera jornada<br> 14:20 hs: \u00abFentpolseguera\u00bb Y \u00abPettitons\u00bb \u2013 danzas mallorquinas a cargo de la Agrupaci\u00f3n Mallorca<br> 14:40 hs: \u00abCoraz\u00f3n de Mi Pueblo\u00bb \u2013 ballet folcl\u00f3rico<br> 15 hs: \u00abLeash\u00bb \u2013 poprock 15 hs: \u00abclase de elaboraci\u00f3n de ensaimada\u00bb \u2013 Agrupaci\u00f3n Mallorca<br> 15:20 hs: \u00abPablo Ram\u00edrez\u00bb \u2013 pop latino<br> 16 hs: \u00abEnsamble de Casta\u00f1uelas\u00bb \u2013 m\u00fasica espa\u00f1ola bajo la direcci\u00f3n de Liliana Montiel<br> 16 hs: \u00abElaboraci\u00f3n de ensaimadas en porcelana\u00bb -Agrupaci\u00f3n Mallorca<br> 16:20 hs: \u00abBallet oficial de la Sociedad Espa\u00f1ola de Z\u00e1rate\u00bb \u2013 danzas espa\u00f1olas bajo la direcci\u00f3n de Viviana Castagnola<br> 16:30 hs: \u00abElaboraci\u00f3n y degustaci\u00f3n de la gran ensaimada\u00bb \u2013 UTHGRA<br> 16:40 hs: \u00abRequete Juega\u00bb- obra de teatro infantil bajo la direcci\u00f3n de Daniel Corti<br> 17 hs: \u00abencuentro con el idioma catal\u00e1n\u00bb \u2013 Agrupaci\u00f3n Mallorca<br> 17: 20 hs: 2\u00b0entrada \u00abensamble de casta\u00f1uelas\u00bb \u2013 m\u00fasica espa\u00f1ola bajo la direcci\u00f3n de Liliana Montiel<br> 17:40 hs: 2\u00b0 entrada \u00abballet oficial de la Sociedad Espa\u00f1ola de Z\u00e1rate\u00bb \u2013 danzas espa\u00f1olas bajo la direcci\u00f3n de Viviana Castagnola<br> 17:45 hs: \u00abClase de elaboraci\u00f3n de ensaimada\u00bb-Agrupaci\u00f3n Mallorca<br> 18 hs: \u00abToto Roots\u00bb \u2013 reggae 8 soundsystem<br> 18:30 hs: cierre musical con \u00abMaliv\u00fa\u00bb \u2013 pop tropical<\/p>\n\n\n\n<p><strong>Domingo 18 de agosto<\/strong><br> 14 hs: Apertura Oficial<br> 14:30 hs: \u00abFentpolseguera\u00bb y \u00abPettitons\u00bb \u2013 danzas mallorquinas a cargo de la Agrupaci\u00f3n Mallorca<br> 14:50 hs: \u00abGrupos de baile y gaitas del Centro Galicia de buenos aires\u00bb \u2013 profesores: Mar\u00eda Fernanda Rivera, Mar\u00eda Fernanda Farina Lago Y Alberto L\u00f3pez<br> 15 hs: \u00abClase de elaboraci\u00f3n de ensaimada\u00bb -agrupaci\u00f3n mallorca<br> 15:20 hs: \u00abRenacer Criollo\u00bb- ballet folcl\u00f3rico<br> 15.45 hs: Nuria V\u00e1zquez- cancionero popular espa\u00f1ol<br> 16 hs: \u00abLa historia de los viveros sampedrinos\u00bb \u2013 C\u00e1mara de Viveristas de San Pedro<br> 16:15 hs: \u00abYuyito Pal Mate\u00bb \u2013 espect\u00e1culo musical infantil<br> 16:30 hs: \u00abElaboraci\u00f3n y degustaci\u00f3n de la gran ensaimada\u00bb -UTHGRA<br> 17 hs: \u00abgrupos de baile y gaitas del Centro Galicia de Buenos Aires\u00bb \u2013 profesores: Maria Fernanda Rivera, Mar\u00eda Fernanda Farina Lago y Alberto L\u00f3pez.<br> 17 hs: \u00abTaller de cuento y dibujo para ni\u00f1os\u00bb \u2013 Agrupaci\u00f3n Mallorca<br> 17.20 hs: Nuria V\u00e1zquez- cancionero popular espa\u00f1ol<br> 17:45 hs: \u00abClase de elaboraci\u00f3n de ensaimada\u00bb -Agrupaci\u00f3n Mallorca<br> 18 hs: \u00abFentpolseguera\u00bb y \u00abPettitons\u00bb \u2013 danzas mallorquinas a cargo de la Agrupaci\u00f3n Mallorca<br> 18:15 hs: \u00abFeli Rolfo\u00bb \u2013 pop rock<br> 18:45 hs: \u00abTambo Tambo\u00bb \u2013 cumbia<\/p>\n\n\n\n<figure class=\"wp-block-image\"><img decoding=\"async\" width=\"1024\" height=\"1024\" data-attachment-id=\"58074\" data-permalink=\"https:\/\/eldiariodesanpedro.com.ar\/sitio\/este-fin-de-semana-se-realizara-la-edicion-xvii-de-la-fiesta-de-la-ensaimada\/whatsapp-image-2019-08-13-at-11-02-12\/\" data-orig-file=\"https:\/\/eldiariodesanpedro.com.ar\/sitio\/wp-content\/uploads\/2019\/08\/WhatsApp-Image-2019-08-13-at-11.02.12.jpeg\" data-orig-size=\"1280,1280\" data-comments-opened=\"1\" data-image-meta=\"{&quot;aperture&quot;:&quot;0&quot;,&quot;credit&quot;:&quot;&quot;,&quot;camera&quot;:&quot;&quot;,&quot;caption&quot;:&quot;&quot;,&quot;created_timestamp&quot;:&quot;0&quot;,&quot;copyright&quot;:&quot;&quot;,&quot;focal_length&quot;:&quot;0&quot;,&quot;iso&quot;:&quot;0&quot;,&quot;shutter_speed&quot;:&quot;0&quot;,&quot;title&quot;:&quot;&quot;,&quot;orientation&quot;:&quot;0&quot;}\" data-image-title=\"WhatsApp Image 2019-08-13 at 11.02.12\" data-image-description=\"\" data-image-caption=\"\" data-large-file=\"https:\/\/eldiariodesanpedro.com.ar\/sitio\/wp-content\/uploads\/2019\/08\/WhatsApp-Image-2019-08-13-at-11.02.12-1024x1024.jpeg\" data-src=\"https:\/\/eldiariodesanpedro.com.ar\/sitio\/wp-content\/uploads\/2019\/08\/WhatsApp-Image-2019-08-13-at-11.02.12-1024x1024.jpeg\" alt=\"\" class=\"wp-image-58074 lazyload\" data-srcset=\"https:\/\/eldiariodesanpedro.com.ar\/sitio\/wp-content\/uploads\/2019\/08\/WhatsApp-Image-2019-08-13-at-11.02.12-1024x1024.jpeg 1024w, https:\/\/eldiariodesanpedro.com.ar\/sitio\/wp-content\/uploads\/2019\/08\/WhatsApp-Image-2019-08-13-at-11.02.12-150x150.jpeg 150w, https:\/\/eldiariodesanpedro.com.ar\/sitio\/wp-content\/uploads\/2019\/08\/WhatsApp-Image-2019-08-13-at-11.02.12-300x300.jpeg 300w, https:\/\/eldiariodesanpedro.com.ar\/sitio\/wp-content\/uploads\/2019\/08\/WhatsApp-Image-2019-08-13-at-11.02.12-768x768.jpeg 768w, https:\/\/eldiariodesanpedro.com.ar\/sitio\/wp-content\/uploads\/2019\/08\/WhatsApp-Image-2019-08-13-at-11.02.12.jpeg 1280w\" data-sizes=\"(max-width: 1024px) 100vw, 1024px\" src=\"data:image\/svg+xml;base64,PHN2ZyB3aWR0aD0iMSIgaGVpZ2h0PSIxIiB4bWxucz0iaHR0cDovL3d3dy53My5vcmcvMjAwMC9zdmciPjwvc3ZnPg==\" style=\"--smush-placeholder-width: 1024px; --smush-placeholder-aspect-ratio: 1024\/1024;\" \/><\/figure>\n","protected":false},"excerpt":{"rendered":"<p>Este martes por la ma\u00f1ana se llevo a cabo en el Centro Cultural Abelardo Castillo la conferencia de prensa presentada por las autoridades locales para comunicar las actividades previstas para este fin de semana largo donde se presentara la XVII edici\u00f3n de La Fiesta de la Ensaimada. En el lugar estaban presentes Maria Jose \u00abMajo\u00bb [&hellip;]<\/p>\n","protected":false},"author":4,"featured_media":58073,"comment_status":"open","ping_status":"closed","sticky":false,"template":"","format":"standard","meta":{"om_disable_all_campaigns":false,"_jetpack_memberships_contains_paid_content":false,"footnotes":""},"categories":[50,101,2],"tags":[],"class_list":["post-58072","post","type-post","status-publish","format-standard","has-post-thumbnail","hentry","category-destacadas","category-interes-general-locales","category-locales"],"aioseo_notices":[],"gutentor_comment":0,"jetpack_featured_media_url":"https:\/\/eldiariodesanpedro.com.ar\/sitio\/wp-content\/uploads\/2019\/08\/20190813_101836.jpg","jetpack_shortlink":"https:\/\/wp.me\/p6RhLt-f6E","jetpack_sharing_enabled":true,"_links":{"self":[{"href":"https:\/\/eldiariodesanpedro.com.ar\/sitio\/wp-json\/wp\/v2\/posts\/58072","targetHints":{"allow":["GET"]}}],"collection":[{"href":"https:\/\/eldiariodesanpedro.com.ar\/sitio\/wp-json\/wp\/v2\/posts"}],"about":[{"href":"https:\/\/eldiariodesanpedro.com.ar\/sitio\/wp-json\/wp\/v2\/types\/post"}],"author":[{"embeddable":true,"href":"https:\/\/eldiariodesanpedro.com.ar\/sitio\/wp-json\/wp\/v2\/users\/4"}],"replies":[{"embeddable":true,"href":"https:\/\/eldiariodesanpedro.com.ar\/sitio\/wp-json\/wp\/v2\/comments?post=58072"}],"version-history":[{"count":1,"href":"https:\/\/eldiariodesanpedro.com.ar\/sitio\/wp-json\/wp\/v2\/posts\/58072\/revisions"}],"predecessor-version":[{"id":58075,"href":"https:\/\/eldiariodesanpedro.com.ar\/sitio\/wp-json\/wp\/v2\/posts\/58072\/revisions\/58075"}],"wp:featuredmedia":[{"embeddable":true,"href":"https:\/\/eldiariodesanpedro.com.ar\/sitio\/wp-json\/wp\/v2\/media\/58073"}],"wp:attachment":[{"href":"https:\/\/eldiariodesanpedro.com.ar\/sitio\/wp-json\/wp\/v2\/media?parent=58072"}],"wp:term":[{"taxonomy":"category","embeddable":true,"href":"https:\/\/eldiariodesanpedro.com.ar\/sitio\/wp-json\/wp\/v2\/categories?post=58072"},{"taxonomy":"post_tag","embeddable":true,"href":"https:\/\/eldiariodesanpedro.com.ar\/sitio\/wp-json\/wp\/v2\/tags?post=58072"}],"curies":[{"name":"wp","href":"https:\/\/api.w.org\/{rel}","templated":true}]}}