{"id":58068,"date":"2019-08-14T09:56:11","date_gmt":"2019-08-14T12:56:11","guid":{"rendered":"https:\/\/eldiariodesanpedro.com.ar\/sitio\/?p=58068"},"modified":"2019-08-14T09:56:15","modified_gmt":"2019-08-14T12:56:15","slug":"noat-y-arana-se-reunieron-para-unirse-de-cara-a-las-generales","status":"publish","type":"post","link":"https:\/\/eldiariodesanpedro.com.ar\/sitio\/noat-y-arana-se-reunieron-para-unirse-de-cara-a-las-generales\/","title":{"rendered":"Noat y Arana se reunieron para unirse de cara a las generales"},"content":{"rendered":"<!-- VideographyWP Plugin Message: Automatic video embedding prevented by plugin options. -->\n\n<p>La candidata a Intendenta Ester Noat se reuni\u00f3 hoy con el Dr. Marcos Noizeux Arana, para analizar el\u00a0 resultado de las PASO pero fundamentalmente para acordar la uni\u00f3n de los dos principales espacios del Frente de Todos con vistas a las generales de octubre.<\/p>\n\n\n\n<p> Ambos coincidieron en la excelente elecci\u00f3n que hizo en esta comuna el Frrente que lleva a Alberto y Cristina\u00a0 Fern\u00e1ndez a la presidencia, y a Kicillof y Magario a la provincia. Y es que en todos los cuerpos resultaron ser los candidatos m\u00e1s votados por los sampedrinos, seg\u00fan los datos oficiales. <\/p>\n\n\n\n<p> Otros encuentros est\u00e1n previstos esta semana entre la candidata Noat\u00a0 con los que se ir\u00e1n sumando todos los sectores de la oposici\u00f3n de la pol\u00edtica local.<\/p>\n\n\n\n<figure class=\"wp-block-image\"><img decoding=\"async\" width=\"576\" height=\"1024\" data-attachment-id=\"58070\" data-permalink=\"https:\/\/eldiariodesanpedro.com.ar\/sitio\/noat-y-arana-se-reunieron-para-unirse-de-cara-a-las-generales\/whatsapp-image-2019-08-13-at-20-19-28\/\" data-orig-file=\"https:\/\/eldiariodesanpedro.com.ar\/sitio\/wp-content\/uploads\/2019\/08\/WhatsApp-Image-2019-08-13-at-20.19.28.jpeg\" data-orig-size=\"720,1280\" data-comments-opened=\"1\" data-image-meta=\"{&quot;aperture&quot;:&quot;0&quot;,&quot;credit&quot;:&quot;&quot;,&quot;camera&quot;:&quot;&quot;,&quot;caption&quot;:&quot;&quot;,&quot;created_timestamp&quot;:&quot;0&quot;,&quot;copyright&quot;:&quot;&quot;,&quot;focal_length&quot;:&quot;0&quot;,&quot;iso&quot;:&quot;0&quot;,&quot;shutter_speed&quot;:&quot;0&quot;,&quot;title&quot;:&quot;&quot;,&quot;orientation&quot;:&quot;0&quot;}\" data-image-title=\"WhatsApp Image 2019-08-13 at 20.19.28\" data-image-description=\"\" data-image-caption=\"\" data-large-file=\"https:\/\/eldiariodesanpedro.com.ar\/sitio\/wp-content\/uploads\/2019\/08\/WhatsApp-Image-2019-08-13-at-20.19.28-576x1024.jpeg\" data-src=\"https:\/\/eldiariodesanpedro.com.ar\/sitio\/wp-content\/uploads\/2019\/08\/WhatsApp-Image-2019-08-13-at-20.19.28-576x1024.jpeg\" alt=\"\" class=\"wp-image-58070 lazyload\" data-srcset=\"https:\/\/eldiariodesanpedro.com.ar\/sitio\/wp-content\/uploads\/2019\/08\/WhatsApp-Image-2019-08-13-at-20.19.28-576x1024.jpeg 576w, https:\/\/eldiariodesanpedro.com.ar\/sitio\/wp-content\/uploads\/2019\/08\/WhatsApp-Image-2019-08-13-at-20.19.28-169x300.jpeg 169w, https:\/\/eldiariodesanpedro.com.ar\/sitio\/wp-content\/uploads\/2019\/08\/WhatsApp-Image-2019-08-13-at-20.19.28.jpeg 720w\" data-sizes=\"(max-width: 576px) 100vw, 576px\" src=\"data:image\/svg+xml;base64,PHN2ZyB3aWR0aD0iMSIgaGVpZ2h0PSIxIiB4bWxucz0iaHR0cDovL3d3dy53My5vcmcvMjAwMC9zdmciPjwvc3ZnPg==\" style=\"--smush-placeholder-width: 576px; --smush-placeholder-aspect-ratio: 576\/1024;\" \/><\/figure>\n","protected":false},"excerpt":{"rendered":"<p>La candidata a Intendenta Ester Noat se reuni\u00f3 hoy con el Dr. Marcos Noizeux Arana, para analizar el\u00a0 resultado de las PASO pero fundamentalmente para acordar la uni\u00f3n de los dos principales espacios del Frente de Todos con vistas a las generales de octubre. Ambos coincidieron en la excelente elecci\u00f3n que hizo en esta comuna [&hellip;]<\/p>\n","protected":false},"author":4,"featured_media":58069,"comment_status":"open","ping_status":"closed","sticky":false,"template":"","format":"standard","meta":{"om_disable_all_campaigns":false,"_jetpack_memberships_contains_paid_content":false,"footnotes":""},"categories":[101,2],"tags":[],"class_list":["post-58068","post","type-post","status-publish","format-standard","has-post-thumbnail","hentry","category-interes-general-locales","category-locales"],"aioseo_notices":[],"gutentor_comment":0,"jetpack_featured_media_url":"https:\/\/eldiariodesanpedro.com.ar\/sitio\/wp-content\/uploads\/2019\/08\/WhatsApp-Image-2019-08-13-at-20.19.10.jpeg","jetpack_shortlink":"https:\/\/wp.me\/p6RhLt-f6A","jetpack_sharing_enabled":true,"_links":{"self":[{"href":"https:\/\/eldiariodesanpedro.com.ar\/sitio\/wp-json\/wp\/v2\/posts\/58068","targetHints":{"allow":["GET"]}}],"collection":[{"href":"https:\/\/eldiariodesanpedro.com.ar\/sitio\/wp-json\/wp\/v2\/posts"}],"about":[{"href":"https:\/\/eldiariodesanpedro.com.ar\/sitio\/wp-json\/wp\/v2\/types\/post"}],"author":[{"embeddable":true,"href":"https:\/\/eldiariodesanpedro.com.ar\/sitio\/wp-json\/wp\/v2\/users\/4"}],"replies":[{"embeddable":true,"href":"https:\/\/eldiariodesanpedro.com.ar\/sitio\/wp-json\/wp\/v2\/comments?post=58068"}],"version-history":[{"count":1,"href":"https:\/\/eldiariodesanpedro.com.ar\/sitio\/wp-json\/wp\/v2\/posts\/58068\/revisions"}],"predecessor-version":[{"id":58071,"href":"https:\/\/eldiariodesanpedro.com.ar\/sitio\/wp-json\/wp\/v2\/posts\/58068\/revisions\/58071"}],"wp:featuredmedia":[{"embeddable":true,"href":"https:\/\/eldiariodesanpedro.com.ar\/sitio\/wp-json\/wp\/v2\/media\/58069"}],"wp:attachment":[{"href":"https:\/\/eldiariodesanpedro.com.ar\/sitio\/wp-json\/wp\/v2\/media?parent=58068"}],"wp:term":[{"taxonomy":"category","embeddable":true,"href":"https:\/\/eldiariodesanpedro.com.ar\/sitio\/wp-json\/wp\/v2\/categories?post=58068"},{"taxonomy":"post_tag","embeddable":true,"href":"https:\/\/eldiariodesanpedro.com.ar\/sitio\/wp-json\/wp\/v2\/tags?post=58068"}],"curies":[{"name":"wp","href":"https:\/\/api.w.org\/{rel}","templated":true}]}}