{"id":58064,"date":"2019-08-14T09:50:11","date_gmt":"2019-08-14T12:50:11","guid":{"rendered":"https:\/\/eldiariodesanpedro.com.ar\/sitio\/?p=58064"},"modified":"2019-08-14T09:50:15","modified_gmt":"2019-08-14T12:50:15","slug":"un-menor-de-14-y-otro-de-15-le-arrebataron-el-celular-violentamente-a-otros-adolescentes","status":"publish","type":"post","link":"https:\/\/eldiariodesanpedro.com.ar\/sitio\/un-menor-de-14-y-otro-de-15-le-arrebataron-el-celular-violentamente-a-otros-adolescentes\/","title":{"rendered":"Un menor de 14 y otro de 15 le arrebataron el celular violentamente a otros adolescentes"},"content":{"rendered":"<!-- VideographyWP Plugin Message: Automatic video embedding prevented by plugin options. -->\n\n<p>Sucedi\u00f3 a la salida de un establecimiento educativo este martes por la tarde, las victimas fueron intimidadas de forma muy violenta logrando sustraerles un celular, Tras rapido accionar fueron detenidos.<\/p>\n\n\n\n<p>Personal policial alertados tras encontrarse en recorrida habitual, acuden a intersecci\u00f3n de las calles Boulevar Moreno y Sargento Selada, donde proceden a la aprehensi\u00f3n de dos menores quienes momentos antes sustrajeron telefon\u00eda celular a un grupo de adolescentes tras intimidaci\u00f3n verbal y agresi\u00f3n f\u00edsica.<\/p>\n\n\n\n<p>Los menores resultan ser delincuentes conocidos con frondosos antecedentes en la modalidad.<\/p>\n\n\n\n<p>Alojados en la dependencia y consultados con la UFI del Joven N\u00ba2 la aprehensi\u00f3n por unas horas y posterior libertad con entrega de sus progenitores.<\/p>\n\n\n\n<p><br><\/p>\n","protected":false},"excerpt":{"rendered":"<p>Sucedi\u00f3 a la salida de un establecimiento educativo este martes por la tarde, las victimas fueron intimidadas de forma muy violenta logrando sustraerles un celular, Tras rapido accionar fueron detenidos. Personal policial alertados tras encontrarse en recorrida habitual, acuden a intersecci\u00f3n de las calles Boulevar Moreno y Sargento Selada, donde proceden a la aprehensi\u00f3n de [&hellip;]<\/p>\n","protected":false},"author":4,"featured_media":58066,"comment_status":"open","ping_status":"closed","sticky":false,"template":"","format":"standard","meta":{"om_disable_all_campaigns":false,"_jetpack_memberships_contains_paid_content":false,"footnotes":""},"categories":[2,103],"tags":[],"class_list":["post-58064","post","type-post","status-publish","format-standard","has-post-thumbnail","hentry","category-locales","category-policiales-locales"],"aioseo_notices":[],"gutentor_comment":0,"jetpack_featured_media_url":"https:\/\/eldiariodesanpedro.com.ar\/sitio\/wp-content\/uploads\/2019\/08\/481b02e42d146a4e99ba77fd5eedf3c3.jpg","jetpack_shortlink":"https:\/\/wp.me\/p6RhLt-f6w","jetpack_sharing_enabled":true,"_links":{"self":[{"href":"https:\/\/eldiariodesanpedro.com.ar\/sitio\/wp-json\/wp\/v2\/posts\/58064","targetHints":{"allow":["GET"]}}],"collection":[{"href":"https:\/\/eldiariodesanpedro.com.ar\/sitio\/wp-json\/wp\/v2\/posts"}],"about":[{"href":"https:\/\/eldiariodesanpedro.com.ar\/sitio\/wp-json\/wp\/v2\/types\/post"}],"author":[{"embeddable":true,"href":"https:\/\/eldiariodesanpedro.com.ar\/sitio\/wp-json\/wp\/v2\/users\/4"}],"replies":[{"embeddable":true,"href":"https:\/\/eldiariodesanpedro.com.ar\/sitio\/wp-json\/wp\/v2\/comments?post=58064"}],"version-history":[{"count":1,"href":"https:\/\/eldiariodesanpedro.com.ar\/sitio\/wp-json\/wp\/v2\/posts\/58064\/revisions"}],"predecessor-version":[{"id":58067,"href":"https:\/\/eldiariodesanpedro.com.ar\/sitio\/wp-json\/wp\/v2\/posts\/58064\/revisions\/58067"}],"wp:featuredmedia":[{"embeddable":true,"href":"https:\/\/eldiariodesanpedro.com.ar\/sitio\/wp-json\/wp\/v2\/media\/58066"}],"wp:attachment":[{"href":"https:\/\/eldiariodesanpedro.com.ar\/sitio\/wp-json\/wp\/v2\/media?parent=58064"}],"wp:term":[{"taxonomy":"category","embeddable":true,"href":"https:\/\/eldiariodesanpedro.com.ar\/sitio\/wp-json\/wp\/v2\/categories?post=58064"},{"taxonomy":"post_tag","embeddable":true,"href":"https:\/\/eldiariodesanpedro.com.ar\/sitio\/wp-json\/wp\/v2\/tags?post=58064"}],"curies":[{"name":"wp","href":"https:\/\/api.w.org\/{rel}","templated":true}]}}