{"id":58060,"date":"2019-08-14T09:35:49","date_gmt":"2019-08-14T12:35:49","guid":{"rendered":"https:\/\/eldiariodesanpedro.com.ar\/sitio\/?p=58060"},"modified":"2019-08-14T09:35:54","modified_gmt":"2019-08-14T12:35:54","slug":"gravida-ultimo-dias-para-participar-de-la-campana-del-dia-del-nino","status":"publish","type":"post","link":"https:\/\/eldiariodesanpedro.com.ar\/sitio\/gravida-ultimo-dias-para-participar-de-la-campana-del-dia-del-nino\/","title":{"rendered":"GR\u00c1VIDA: Ultimo d\u00edas para participar de la campa\u00f1a del Dia del ni\u00f1o"},"content":{"rendered":"<!-- VideographyWP Plugin Message: Automatic video embedding prevented by plugin options. -->\n\n<p>En el marco de la campa\u00f1a \u00abLa amistad abriga la vida\u00bb que lanz\u00f3 para el D\u00eda del Ni\u00f1o la misma invita a entregar a un beb\u00e9 lo que necesite. Hasta el viernes 16 de agosto recibir\u00e1 donaciones para entregarse este domingo.<\/p>\n\n\n\n<p>\n\nQuienes deseen participar, pueden acercarse a la sede local de la instituci\u00f3n, ubicada en Bv. Moreno 1050 o comunicarse al tel\u00e9fono 03329 \u2013 423465.\n\n<\/p>\n\n\n\n<p>GRAVIDA es un servicio voluntario de ayuda a la vida naciente y a la maternidad que conformamos comunidades de servicio para ofrecer nuestro acompa\u00f1a miento a toda embarazada en dificultad y evitar el aborto.<\/p>\n\n\n\n<p>En San Pedro la sede alienta a el inicio del servicio en nuevas comunidades, orientando y acompa\u00f1ando la acci\u00f3n de los centros de ayuda conformados en el pa\u00eds.<\/p>\n\n\n\n<p>Es una alternativa de ayuda y acompa\u00f1amiento fundada en el amor que responda a las necesidades del hombre y de la mujer de hoy para fortalecerlos en su maternidad y paternidad como primeros responsables<br>del cuidado de la vida desde la concepci\u00f3n.<\/p>\n\n\n\n<p><\/p>\n\n\n\n<p><br><br><\/p>\n\n\n\n<p><\/p>\n","protected":false},"excerpt":{"rendered":"<p>En el marco de la campa\u00f1a \u00abLa amistad abriga la vida\u00bb que lanz\u00f3 para el D\u00eda del Ni\u00f1o la misma invita a entregar a un beb\u00e9 lo que necesite. Hasta el viernes 16 de agosto recibir\u00e1 donaciones para entregarse este domingo. Quienes deseen participar, pueden acercarse a la sede local de la instituci\u00f3n, ubicada en [&hellip;]<\/p>\n","protected":false},"author":4,"featured_media":58061,"comment_status":"open","ping_status":"closed","sticky":false,"template":"","format":"standard","meta":{"om_disable_all_campaigns":false,"_jetpack_memberships_contains_paid_content":false,"footnotes":""},"categories":[50,101,2],"tags":[],"class_list":["post-58060","post","type-post","status-publish","format-standard","has-post-thumbnail","hentry","category-destacadas","category-interes-general-locales","category-locales"],"aioseo_notices":[],"gutentor_comment":0,"jetpack_featured_media_url":"https:\/\/eldiariodesanpedro.com.ar\/sitio\/wp-content\/uploads\/2019\/08\/Cierre-campa\u00f1a-akstad-abriga-la-vida-2019-dia-del-ni\u00f1o.jpg","jetpack_shortlink":"https:\/\/wp.me\/p6RhLt-f6s","jetpack_sharing_enabled":true,"_links":{"self":[{"href":"https:\/\/eldiariodesanpedro.com.ar\/sitio\/wp-json\/wp\/v2\/posts\/58060","targetHints":{"allow":["GET"]}}],"collection":[{"href":"https:\/\/eldiariodesanpedro.com.ar\/sitio\/wp-json\/wp\/v2\/posts"}],"about":[{"href":"https:\/\/eldiariodesanpedro.com.ar\/sitio\/wp-json\/wp\/v2\/types\/post"}],"author":[{"embeddable":true,"href":"https:\/\/eldiariodesanpedro.com.ar\/sitio\/wp-json\/wp\/v2\/users\/4"}],"replies":[{"embeddable":true,"href":"https:\/\/eldiariodesanpedro.com.ar\/sitio\/wp-json\/wp\/v2\/comments?post=58060"}],"version-history":[{"count":1,"href":"https:\/\/eldiariodesanpedro.com.ar\/sitio\/wp-json\/wp\/v2\/posts\/58060\/revisions"}],"predecessor-version":[{"id":58062,"href":"https:\/\/eldiariodesanpedro.com.ar\/sitio\/wp-json\/wp\/v2\/posts\/58060\/revisions\/58062"}],"wp:featuredmedia":[{"embeddable":true,"href":"https:\/\/eldiariodesanpedro.com.ar\/sitio\/wp-json\/wp\/v2\/media\/58061"}],"wp:attachment":[{"href":"https:\/\/eldiariodesanpedro.com.ar\/sitio\/wp-json\/wp\/v2\/media?parent=58060"}],"wp:term":[{"taxonomy":"category","embeddable":true,"href":"https:\/\/eldiariodesanpedro.com.ar\/sitio\/wp-json\/wp\/v2\/categories?post=58060"},{"taxonomy":"post_tag","embeddable":true,"href":"https:\/\/eldiariodesanpedro.com.ar\/sitio\/wp-json\/wp\/v2\/tags?post=58060"}],"curies":[{"name":"wp","href":"https:\/\/api.w.org\/{rel}","templated":true}]}}