{"id":58057,"date":"2019-08-14T09:23:31","date_gmt":"2019-08-14T12:23:31","guid":{"rendered":"https:\/\/eldiariodesanpedro.com.ar\/sitio\/?p=58057"},"modified":"2019-08-14T12:10:24","modified_gmt":"2019-08-14T15:10:24","slug":"le-robaba-la-bateria-a-un-auto-cuando-fue-detenido-por-los-efectivos","status":"publish","type":"post","link":"https:\/\/eldiariodesanpedro.com.ar\/sitio\/le-robaba-la-bateria-a-un-auto-cuando-fue-detenido-por-los-efectivos\/","title":{"rendered":"Le robaba la bater\u00eda a un auto cuando fue detenido por los efectivos"},"content":{"rendered":"<!-- VideographyWP Plugin Message: Automatic video embedding prevented by plugin options. -->\n\n<p>Un joven de 19 a\u00f1os de edad fue aprehendido tras r\u00e1pido accionar policial momentos despu\u00e9s de haber intentado consumar el hecho. El delincuente seria el mismo que ese mismo d\u00eda le habr\u00eda arrebatado la cartera a una ciudadana mayor.<\/p>\n\n\n\n<p>En el marco de recorridas preventivas personal de Jefatura Departamental San Nicolas GAD, tras ser alertado a un llamado al 911, acude a una vivienda de calle Independencia al 1000 donde un malviviente se encontrar\u00eda forzando cerradura de un autom\u00f3vil e intentando sustraer la bater\u00eda del mismo.<\/p>\n\n\n\n<p>Efectivamente al llegar a la morada el sujeto emprende fuga e intenta ingresar a la misma violentando la puerta cuando es reducido por el personal policial y trasladado a la dependencia.<\/p>\n\n\n\n<p>El mismo delincuente, un joven de 19 , fue reconocido anteriormente por una mujer mayor de edad a quien le sustrajo una cartera.<\/p>\n\n\n\n<p>Alojado el mismo y consultado con magistrado queda a la espera de la intervenci\u00f3n de la fiscalia N\u00ba5.<\/p>\n\n\n\n<p> <\/p>\n\n\n\n<figure class=\"wp-block-image\"><img decoding=\"async\" width=\"1024\" height=\"972\" data-attachment-id=\"58058\" data-permalink=\"https:\/\/eldiariodesanpedro.com.ar\/sitio\/le-robaba-la-bateria-a-un-auto-cuando-fue-detenido-por-los-efectivos\/whatsapp-image-2019-08-14-at-7-42-49-am\/\" data-orig-file=\"https:\/\/eldiariodesanpedro.com.ar\/sitio\/wp-content\/uploads\/2019\/08\/WhatsApp-Image-2019-08-14-at-7.42.49-AM.jpeg\" data-orig-size=\"1280,1215\" data-comments-opened=\"1\" data-image-meta=\"{&quot;aperture&quot;:&quot;0&quot;,&quot;credit&quot;:&quot;&quot;,&quot;camera&quot;:&quot;&quot;,&quot;caption&quot;:&quot;&quot;,&quot;created_timestamp&quot;:&quot;0&quot;,&quot;copyright&quot;:&quot;&quot;,&quot;focal_length&quot;:&quot;0&quot;,&quot;iso&quot;:&quot;0&quot;,&quot;shutter_speed&quot;:&quot;0&quot;,&quot;title&quot;:&quot;&quot;,&quot;orientation&quot;:&quot;0&quot;}\" data-image-title=\"WhatsApp Image 2019-08-14 at 7.42.49 AM\" data-image-description=\"\" data-image-caption=\"\" data-large-file=\"https:\/\/eldiariodesanpedro.com.ar\/sitio\/wp-content\/uploads\/2019\/08\/WhatsApp-Image-2019-08-14-at-7.42.49-AM-1024x972.jpeg\" data-src=\"https:\/\/eldiariodesanpedro.com.ar\/sitio\/wp-content\/uploads\/2019\/08\/WhatsApp-Image-2019-08-14-at-7.42.49-AM-1024x972.jpeg\" alt=\"\" class=\"wp-image-58058 lazyload\" data-srcset=\"https:\/\/eldiariodesanpedro.com.ar\/sitio\/wp-content\/uploads\/2019\/08\/WhatsApp-Image-2019-08-14-at-7.42.49-AM-1024x972.jpeg 1024w, https:\/\/eldiariodesanpedro.com.ar\/sitio\/wp-content\/uploads\/2019\/08\/WhatsApp-Image-2019-08-14-at-7.42.49-AM-300x285.jpeg 300w, https:\/\/eldiariodesanpedro.com.ar\/sitio\/wp-content\/uploads\/2019\/08\/WhatsApp-Image-2019-08-14-at-7.42.49-AM-768x729.jpeg 768w, https:\/\/eldiariodesanpedro.com.ar\/sitio\/wp-content\/uploads\/2019\/08\/WhatsApp-Image-2019-08-14-at-7.42.49-AM.jpeg 1280w\" data-sizes=\"(max-width: 1024px) 100vw, 1024px\" src=\"data:image\/svg+xml;base64,PHN2ZyB3aWR0aD0iMSIgaGVpZ2h0PSIxIiB4bWxucz0iaHR0cDovL3d3dy53My5vcmcvMjAwMC9zdmciPjwvc3ZnPg==\" style=\"--smush-placeholder-width: 1024px; --smush-placeholder-aspect-ratio: 1024\/972;\" \/><\/figure>\n\n\n\n<p><\/p>\n","protected":false},"excerpt":{"rendered":"<p>Un joven de 19 a\u00f1os de edad fue aprehendido tras r\u00e1pido accionar policial momentos despu\u00e9s de haber intentado consumar el hecho. El delincuente seria el mismo que ese mismo d\u00eda le habr\u00eda arrebatado la cartera a una ciudadana mayor. En el marco de recorridas preventivas personal de Jefatura Departamental San Nicolas GAD, tras ser alertado [&hellip;]<\/p>\n","protected":false},"author":4,"featured_media":58058,"comment_status":"open","ping_status":"closed","sticky":false,"template":"","format":"standard","meta":{"om_disable_all_campaigns":false,"_jetpack_memberships_contains_paid_content":false,"footnotes":""},"categories":[50,2,103],"tags":[],"class_list":["post-58057","post","type-post","status-publish","format-standard","has-post-thumbnail","hentry","category-destacadas","category-locales","category-policiales-locales"],"aioseo_notices":[],"gutentor_comment":0,"jetpack_featured_media_url":"https:\/\/eldiariodesanpedro.com.ar\/sitio\/wp-content\/uploads\/2019\/08\/WhatsApp-Image-2019-08-14-at-7.42.49-AM.jpeg","jetpack_shortlink":"https:\/\/wp.me\/p6RhLt-f6p","jetpack_sharing_enabled":true,"_links":{"self":[{"href":"https:\/\/eldiariodesanpedro.com.ar\/sitio\/wp-json\/wp\/v2\/posts\/58057","targetHints":{"allow":["GET"]}}],"collection":[{"href":"https:\/\/eldiariodesanpedro.com.ar\/sitio\/wp-json\/wp\/v2\/posts"}],"about":[{"href":"https:\/\/eldiariodesanpedro.com.ar\/sitio\/wp-json\/wp\/v2\/types\/post"}],"author":[{"embeddable":true,"href":"https:\/\/eldiariodesanpedro.com.ar\/sitio\/wp-json\/wp\/v2\/users\/4"}],"replies":[{"embeddable":true,"href":"https:\/\/eldiariodesanpedro.com.ar\/sitio\/wp-json\/wp\/v2\/comments?post=58057"}],"version-history":[{"count":2,"href":"https:\/\/eldiariodesanpedro.com.ar\/sitio\/wp-json\/wp\/v2\/posts\/58057\/revisions"}],"predecessor-version":[{"id":58135,"href":"https:\/\/eldiariodesanpedro.com.ar\/sitio\/wp-json\/wp\/v2\/posts\/58057\/revisions\/58135"}],"wp:featuredmedia":[{"embeddable":true,"href":"https:\/\/eldiariodesanpedro.com.ar\/sitio\/wp-json\/wp\/v2\/media\/58058"}],"wp:attachment":[{"href":"https:\/\/eldiariodesanpedro.com.ar\/sitio\/wp-json\/wp\/v2\/media?parent=58057"}],"wp:term":[{"taxonomy":"category","embeddable":true,"href":"https:\/\/eldiariodesanpedro.com.ar\/sitio\/wp-json\/wp\/v2\/categories?post=58057"},{"taxonomy":"post_tag","embeddable":true,"href":"https:\/\/eldiariodesanpedro.com.ar\/sitio\/wp-json\/wp\/v2\/tags?post=58057"}],"curies":[{"name":"wp","href":"https:\/\/api.w.org\/{rel}","templated":true}]}}