{"id":58054,"date":"2019-08-14T09:01:01","date_gmt":"2019-08-14T12:01:01","guid":{"rendered":"https:\/\/eldiariodesanpedro.com.ar\/sitio\/?p=58054"},"modified":"2019-08-14T09:01:05","modified_gmt":"2019-08-14T12:01:05","slug":"se-disolvio-la-camara-de-turismo-del-centro-de-comercio-no-teniamos-relacion-casi-con-la-comision-directiva","status":"publish","type":"post","link":"https:\/\/eldiariodesanpedro.com.ar\/sitio\/se-disolvio-la-camara-de-turismo-del-centro-de-comercio-no-teniamos-relacion-casi-con-la-comision-directiva\/","title":{"rendered":"Se disolvi\u00f3 la Camara de Turismo del Centro de Comercio, \u00abNo ten\u00edamos relaci\u00f3n casi con la comisi\u00f3n directiva\u00bb"},"content":{"rendered":"<!-- VideographyWP Plugin Message: Automatic video embedding prevented by plugin options. -->\n\n<p>A trav\u00e9s de su cuenta de facebook la disuelta C\u00e1mara de Turismo del Centro de Comercio e Industria dieron a conocer un comunicado en el que se refieren a su salida de la entidad.\u00a0<br><\/p>\n\n\n\n<p>Todo apunta al nuevo cambio de comisi\u00f3n directiva donde afirman que casi no hab\u00eda relaci\u00f3n con la misma y que con la Directora de Turismo, Marcela Cu\u00f1er, se habr\u00eda vuelto insostenible la relaci\u00f3n.<\/p>\n\n\n\n<p>Desde su muro expresan los motivos: <\/p>\n\n\n\n<p>\u00abDesde el momento de conformaci\u00f3n de esta C\u00e1mara de Turismo dentro del Centro de Comercio en el mes de Noviembre de 2018 nos propusimos como objetivo aportar ideas y acciones que permitieran mejorar el ecosistema emprendedor , traccionando nuevos nichos de mercado a partir de un diagnostico FODA inicial y un plan de acciones que nos permitieran una vez identificadas nuestras Fortalezas Oportunidades Debilidades y Amenazas , distinguir el p\u00fablico meta al que le \u00edbamos a apuntar con cada una de ellas.<br>As\u00ed fue que con el aporte de profesionales del sector tur\u00edstico dentro y fuera de San Pedro (Licenciados Juan Perfume; Manuel Navines, Bruno Aliberti; Eduardo Cimolai) comenzamos a gestionar desde cero; con nuestro bolsillo, ideas y contactos; las acciones propuestas en nuestro Acta de Conformaci\u00f3n (adjunto).<br>El 15 de Noviembre 2018 nos reunimos con \u00e1reas municipales referentes al turismo. En la misma estuvimos junto a la directora de turismo local, Marcela Cu\u00f1er, secretario de desarrollo econ\u00f3mico Alfredo Camilletti, su secretaria Candelaria De Vincenzi y el presidente del bloque cambiemos, Concejal Ivan Paz. En la misma se present\u00f3 el an\u00e1lisis FODA y los 12 puntos que consideramos indispensables poner en marcha con vistas a dos objetivos a largo plazo: 1- Generar las condiciones acad\u00e9micas y profesionales para obtener un diagn\u00f3stico sobre la situaci\u00f3n tur\u00edstica de San Pedro que sirviera como punto de partida para un Plan Integral de Turismo San Pedro 2030.\u00a0<br>2- Trabajar en funci\u00f3n de stand propio en FIT 2019 y acciones de marketing directo a trav\u00e9s de redes y mediante convenios de cooperaci\u00f3n mutua.<br>La directora de Turismo expreso contar con estad\u00edsticas sobre ocupaci\u00f3n hotelera las que confiamos en recibir v\u00eda mail para poder trabajar conjuntamente en un diagn\u00f3stico de situaci\u00f3n, datos que todav\u00eda estamos esperando.<\/p>\n\n\n\n<p>Paralelamente sumamos adherentes hoteleros, gastron\u00f3micos y del comercio de San Pedro con quienes comenzamos a transitar exitosamente los objetivos propuestos.<\/p>\n\n\n\n<p>Firmamos convenios con gremios que no ten\u00edan a San Pedro en su oferta Tur\u00edstica; nos relacionamos con Universidades ( USAL) que nos propusieron sus \u00e1reas acad\u00e9micas para trabajar en un plan de Turismo San Pedro 2030 luego de varias reuniones; retomamos contacto con Instituciones Colegas dentro de la provincia de Bs As a trav\u00e9s de CATUR PBA siendo el Centro de Comercio Industria y Turismo de San Pedro socio fundador de dicha C\u00e1mara , Desarrollamos un Congreso de Turismo Social en San Pedro; firmamos convenio con Radio Provincia trasmitiendo en vivo desde la localidad en reiteradas ocasiones promocionando nuestro destino en toda la provincia ; etc etc. ( Ver resumen de acciones adjunto).<\/p>\n\n\n\n<p>Cabe resaltar que informamos y convocamos oportunamente a la Direcci\u00f3n de Turismo Local , al Consejo Deliberante y las nuevas autoridades del Centro de Comercio a cada acci\u00f3n, sin recibir cuestionamiento sobre las mismas, ni escuchar sus propuestas superadoras en cuanto al desarrollo tur\u00edstico de nuestra localidad, sin tener al d\u00eda de hoy una mirada definida del Centro de Comercio respecto al turismo en San Pedro.<\/p>\n\n\n\n<p>Dicho esto solo quedar\u00eda aclarar lo siguiente:<\/p>\n\n\n\n<p> Es cierto que la relaci\u00f3n con la Directora de Turismo Municipal se volvi\u00f3 insostenible al punto de terminar reuniones recibiendo comentarios desubicados de su parte, haciendo menci\u00f3n en repetidas oportunidades de su buena relaci\u00f3n con el Sr Intendente como si fuera fortaleza o merito suficiente para ocupar su cargo.<br><\/p>\n\n\n\n<p>No es cierto que haya un enfrentamiento personal con nadie, solo propusimos nuestras ideas y proyectos en donde no hab\u00eda nada. M\u00e1s all\u00e1 de las diferencias en la mirada del desarrollo tur\u00edstico y las formas con las que se expresa la Directora de Turismo, lo concreto es que luego de 4 a\u00f1os todav\u00eda no se sabe cu\u00e1l es su plan, ni cu\u00e1les son los datos relacionados al turismo de San Pedro.\u00a0<br><\/p>\n\n\n\n<p>Es cierto que la comunicaci\u00f3n con la nueva Comisi\u00f3n Directiva del Centro de Comercio; encabezada por el ex funcionario municipal Raul Cheyllada y el Sr Nestor Casal nunca fue buena.<\/p>\n\n\n\n<p>A pesar de los reiterados intentos de informarlos a trav\u00e9s de notas internas y period\u00edsticas, de convocarlos a las acciones (visita del decano y autoridades de la USAL , visita de Radio Provincia, C\u00e1mara de la Industria Naval Argentina; Congreso de Turismo Social, entre otros) nunca tuvimos la presencia ni devoluci\u00f3n a nuestras gestiones, sino por el contrario , discursos basados en la Institucionalidad que ellos mismos se encargaban de contradecir, por ejemplo proponiendo apartar al presidente de esta C\u00e1mara cuando la instituci\u00f3n es aut\u00e1rquica, de una manera autoritaria y totalmente fuera del estatuto del Centro de Comercio, lo que se suma a una muy mala pol\u00edtica de comunicaci\u00f3n, por ejemplo mostrando en instituciones provinciales como CATUR PBA la incapacidad de resolver situaciones internas que no hacen m\u00e1s que afectar la imagen de nuestro destino tur\u00edstico ante nuestros colegas.<\/p>\n\n\n\n<p>Tambi\u00e9n es cierto que quienes form\u00e1bamos esta C\u00e1mara no compartimos la falta de propuestas proactivas del CCIyT, ni el abroquelamiento de los Sres. Cheyllada y N\u00e9stor Casal con la Directora de Turismo; expresando expl\u00edcitamente la voluntad de sumarse a la agenda de la Direcci\u00f3n de Turismo, sin otro objetivo aparente que el del beneficio personal , dejando la autonom\u00eda de la instituci\u00f3n para la dependencia de , entorpeciendo las acciones que ven\u00edamos desarrollando seg\u00fan el plan de propuesto en Noviembre.<\/p>\n\n\n\n<p>Por \u00faltimo decirles que junto a algunos miembros de la saliente comisi\u00f3n directiva de esta C\u00e1mara de Turismo dejamos nuestro compromiso colaborativo dentro del Centro de Comercio (ya que la C\u00e1mara no ha renovado sus autoridades desde Diciembre 2018 seg\u00fan los expresa su estatuto).<\/p>\n\n\n\n<p>Junto con esto y al margen de las evidentes diferencias, les deseamos tanto a los nuevos representantes del Centro de Comercio como a quien est\u00e9 a cargo del a\u00e9rea de Turismo Municipal realmente encuentren la forma de potenciar y profesionalizar el turismo en San Pedro, logrando atraer a los visitantes necesarios para ayudar al sector a superar la crisis por la que est\u00e1 transitando.<\/p>\n\n\n\n<p>Por convicci\u00f3n seguiremos trabajando desde la actividad tur\u00edstica dentro y fuera de San Pedro a trav\u00e9s de empresas, c\u00e1maras privadas o estatales en las que hace d\u00e9cadas venimos participando.<br>Nuevamente gracias a Hostel del Centro II, Favela Grill, San Pedro Palace, Hotel de Turismo, Complejo Safari, Viento Sur resto bar, DWD Siempre; Hotel Los Pinares ; Casa Campo Hotel, Vistal Rio, Carlos V, Alpinas de Obligado , El Mangrullo, RUCAR, Gran Paran\u00e1 Pesca, Crosta de Pan , Paseos N\u00e1uticos San Pedro, empresas que reflejan en sus propietarios las ganas , actitud y capacidades necesarias para emprender en estos dif\u00edciles momentos.<\/p>\n\n\n\n<p><br>Seguimos en Contacto<br>Martin Rivas \/\/ Juan Perfume \/\/ Sebasti\u00e1n Girandola \/\/ Mauro Troilo \/\/ Jos\u00e9 Iriarte \/\/ Victoria Villalba.<\/p>\n","protected":false},"excerpt":{"rendered":"<p>A trav\u00e9s de su cuenta de facebook la disuelta C\u00e1mara de Turismo del Centro de Comercio e Industria dieron a conocer un comunicado en el que se refieren a su salida de la entidad.\u00a0 Todo apunta al nuevo cambio de comisi\u00f3n directiva donde afirman que casi no hab\u00eda relaci\u00f3n con la misma y que con [&hellip;]<\/p>\n","protected":false},"author":4,"featured_media":58055,"comment_status":"open","ping_status":"closed","sticky":false,"template":"","format":"standard","meta":{"om_disable_all_campaigns":false,"_jetpack_memberships_contains_paid_content":false,"footnotes":""},"categories":[50,101,2],"tags":[],"class_list":["post-58054","post","type-post","status-publish","format-standard","has-post-thumbnail","hentry","category-destacadas","category-interes-general-locales","category-locales"],"aioseo_notices":[],"gutentor_comment":0,"jetpack_featured_media_url":"https:\/\/eldiariodesanpedro.com.ar\/sitio\/wp-content\/uploads\/2019\/08\/68743001_1223959784443486_4889309895532216320_n.jpg","jetpack_shortlink":"https:\/\/wp.me\/p6RhLt-f6m","jetpack_sharing_enabled":true,"_links":{"self":[{"href":"https:\/\/eldiariodesanpedro.com.ar\/sitio\/wp-json\/wp\/v2\/posts\/58054","targetHints":{"allow":["GET"]}}],"collection":[{"href":"https:\/\/eldiariodesanpedro.com.ar\/sitio\/wp-json\/wp\/v2\/posts"}],"about":[{"href":"https:\/\/eldiariodesanpedro.com.ar\/sitio\/wp-json\/wp\/v2\/types\/post"}],"author":[{"embeddable":true,"href":"https:\/\/eldiariodesanpedro.com.ar\/sitio\/wp-json\/wp\/v2\/users\/4"}],"replies":[{"embeddable":true,"href":"https:\/\/eldiariodesanpedro.com.ar\/sitio\/wp-json\/wp\/v2\/comments?post=58054"}],"version-history":[{"count":1,"href":"https:\/\/eldiariodesanpedro.com.ar\/sitio\/wp-json\/wp\/v2\/posts\/58054\/revisions"}],"predecessor-version":[{"id":58056,"href":"https:\/\/eldiariodesanpedro.com.ar\/sitio\/wp-json\/wp\/v2\/posts\/58054\/revisions\/58056"}],"wp:featuredmedia":[{"embeddable":true,"href":"https:\/\/eldiariodesanpedro.com.ar\/sitio\/wp-json\/wp\/v2\/media\/58055"}],"wp:attachment":[{"href":"https:\/\/eldiariodesanpedro.com.ar\/sitio\/wp-json\/wp\/v2\/media?parent=58054"}],"wp:term":[{"taxonomy":"category","embeddable":true,"href":"https:\/\/eldiariodesanpedro.com.ar\/sitio\/wp-json\/wp\/v2\/categories?post=58054"},{"taxonomy":"post_tag","embeddable":true,"href":"https:\/\/eldiariodesanpedro.com.ar\/sitio\/wp-json\/wp\/v2\/tags?post=58054"}],"curies":[{"name":"wp","href":"https:\/\/api.w.org\/{rel}","templated":true}]}}