{"id":58034,"date":"2019-08-13T10:47:09","date_gmt":"2019-08-13T13:47:09","guid":{"rendered":"https:\/\/eldiariodesanpedro.com.ar\/sitio\/?p=58034"},"modified":"2019-08-13T10:47:15","modified_gmt":"2019-08-13T13:47:15","slug":"ramallo-mejoras-en-el-cuartel-de-bomberos-de-perez-millan","status":"publish","type":"post","link":"https:\/\/eldiariodesanpedro.com.ar\/sitio\/ramallo-mejoras-en-el-cuartel-de-bomberos-de-perez-millan\/","title":{"rendered":"RAMALLO | Mejoras en el cuartel de Bomberos de P\u00e9rez Mill\u00e1n"},"content":{"rendered":"<!-- VideographyWP Plugin Message: Automatic video embedding prevented by plugin options. -->\n\n<p>\n\nLa Sociedad de Bomberos Voluntarios de P\u00e9rez Mill\u00e1n inform\u00f3 que realizaron trabajos de mejoramiento al cuartel.<\/p>\n\n\n\n<p>En este sentido, agradecieron a&nbsp;Rub\u00e9n Gullia, delegado de la localidad de La Violeta, \u201cpor su visita al nuevo cuartel y por el trabajo realizado por maquinaria del consorcio de dicha localidad, que consisti\u00f3 en el movimiento de la tosca adquirida por nuestra instituci\u00f3n para el mejoramiento de la entrada y salida de nuestros m\u00f3viles\u201d.<\/p>\n\n\n\n<p>Adem\u00e1s, destacaron que se finaliz\u00f3 con la primera etapa de la construcci\u00f3n del tapial perimetral, y que ya est\u00e1n en funcionamiento los sistemas fotovoltaicos y el de reutilizaci\u00f3n de agua.<\/p>\n","protected":false},"excerpt":{"rendered":"<p>La Sociedad de Bomberos Voluntarios de P\u00e9rez Mill\u00e1n inform\u00f3 que realizaron trabajos de mejoramiento al cuartel. En este sentido, agradecieron a&nbsp;Rub\u00e9n Gullia, delegado de la localidad de La Violeta, \u201cpor su visita al nuevo cuartel y por el trabajo realizado por maquinaria del consorcio de dicha localidad, que consisti\u00f3 en el movimiento de la tosca [&hellip;]<\/p>\n","protected":false},"author":4,"featured_media":58035,"comment_status":"open","ping_status":"closed","sticky":false,"template":"","format":"standard","meta":{"om_disable_all_campaigns":false,"_jetpack_memberships_contains_paid_content":false,"footnotes":""},"categories":[621],"tags":[],"class_list":["post-58034","post","type-post","status-publish","format-standard","has-post-thumbnail","hentry","category-regionales"],"aioseo_notices":[],"gutentor_comment":0,"jetpack_featured_media_url":"https:\/\/eldiariodesanpedro.com.ar\/sitio\/wp-content\/uploads\/2019\/08\/bbx_173303443_1_bomb.jpg","jetpack_shortlink":"https:\/\/wp.me\/p6RhLt-f62","jetpack_sharing_enabled":true,"_links":{"self":[{"href":"https:\/\/eldiariodesanpedro.com.ar\/sitio\/wp-json\/wp\/v2\/posts\/58034","targetHints":{"allow":["GET"]}}],"collection":[{"href":"https:\/\/eldiariodesanpedro.com.ar\/sitio\/wp-json\/wp\/v2\/posts"}],"about":[{"href":"https:\/\/eldiariodesanpedro.com.ar\/sitio\/wp-json\/wp\/v2\/types\/post"}],"author":[{"embeddable":true,"href":"https:\/\/eldiariodesanpedro.com.ar\/sitio\/wp-json\/wp\/v2\/users\/4"}],"replies":[{"embeddable":true,"href":"https:\/\/eldiariodesanpedro.com.ar\/sitio\/wp-json\/wp\/v2\/comments?post=58034"}],"version-history":[{"count":1,"href":"https:\/\/eldiariodesanpedro.com.ar\/sitio\/wp-json\/wp\/v2\/posts\/58034\/revisions"}],"predecessor-version":[{"id":58036,"href":"https:\/\/eldiariodesanpedro.com.ar\/sitio\/wp-json\/wp\/v2\/posts\/58034\/revisions\/58036"}],"wp:featuredmedia":[{"embeddable":true,"href":"https:\/\/eldiariodesanpedro.com.ar\/sitio\/wp-json\/wp\/v2\/media\/58035"}],"wp:attachment":[{"href":"https:\/\/eldiariodesanpedro.com.ar\/sitio\/wp-json\/wp\/v2\/media?parent=58034"}],"wp:term":[{"taxonomy":"category","embeddable":true,"href":"https:\/\/eldiariodesanpedro.com.ar\/sitio\/wp-json\/wp\/v2\/categories?post=58034"},{"taxonomy":"post_tag","embeddable":true,"href":"https:\/\/eldiariodesanpedro.com.ar\/sitio\/wp-json\/wp\/v2\/tags?post=58034"}],"curies":[{"name":"wp","href":"https:\/\/api.w.org\/{rel}","templated":true}]}}