{"id":58033,"date":"2019-08-13T10:54:53","date_gmt":"2019-08-13T13:54:53","guid":{"rendered":"https:\/\/eldiariodesanpedro.com.ar\/sitio\/?p=58033"},"modified":"2019-08-13T10:54:57","modified_gmt":"2019-08-13T13:54:57","slug":"dos-jovenes-aprehendidos-por-tenencia-de-estupefacientes","status":"publish","type":"post","link":"https:\/\/eldiariodesanpedro.com.ar\/sitio\/dos-jovenes-aprehendidos-por-tenencia-de-estupefacientes\/","title":{"rendered":"Dos j\u00f3venes aprehendidos por tenencia de estupefacientes"},"content":{"rendered":"<!-- VideographyWP Plugin Message: Automatic video embedding prevented by plugin options. -->\n\n<p>Tras distintos operativos dispuestos por la superioridad se realizaron dos aprehensiones por tenencia de estupefacientes para consumo.<\/p>\n\n\n\n<p>Los hechos se produjeron este lunes por la noche, el primero en intersecci\u00f3n de Alvarado e Ituzaingo se procedi\u00f3 a la aprehensi\u00f3n de un masculino de 18 quien entre sus prendas pose\u00eda dos baguyos de marihuana.<\/p>\n\n\n\n<p>Luego en intersecci\u00f3n de las calles Uruguay y Rojas, otro masculino menor de edad fue aprehendido con cigarrillo de la misma sustancia.<\/p>\n\n\n\n<p>Ambos trasladados a la comisaria local donde la Fiscalia N\u00ba5 a cargo dispone que el mayor permanezca hasta notificar del 60 y por el menor , interviene UFI del Joven  quien dispone entrega a su progenitor.<\/p>\n\n\n\n<p><\/p>\n\n\n\n<p><br><\/p>\n","protected":false},"excerpt":{"rendered":"<p>Tras distintos operativos dispuestos por la superioridad se realizaron dos aprehensiones por tenencia de estupefacientes para consumo. Los hechos se produjeron este lunes por la noche, el primero en intersecci\u00f3n de Alvarado e Ituzaingo se procedi\u00f3 a la aprehensi\u00f3n de un masculino de 18 quien entre sus prendas pose\u00eda dos baguyos de marihuana. Luego en [&hellip;]<\/p>\n","protected":false},"author":4,"featured_media":57215,"comment_status":"open","ping_status":"closed","sticky":false,"template":"","format":"standard","meta":{"om_disable_all_campaigns":false,"_jetpack_memberships_contains_paid_content":false,"footnotes":""},"categories":[2,103],"tags":[],"class_list":["post-58033","post","type-post","status-publish","format-standard","has-post-thumbnail","hentry","category-locales","category-policiales-locales"],"aioseo_notices":[],"gutentor_comment":0,"jetpack_featured_media_url":"https:\/\/eldiariodesanpedro.com.ar\/sitio\/wp-content\/uploads\/2019\/07\/comisaria_1.jpg","jetpack_shortlink":"https:\/\/wp.me\/p6RhLt-f61","jetpack_sharing_enabled":true,"_links":{"self":[{"href":"https:\/\/eldiariodesanpedro.com.ar\/sitio\/wp-json\/wp\/v2\/posts\/58033","targetHints":{"allow":["GET"]}}],"collection":[{"href":"https:\/\/eldiariodesanpedro.com.ar\/sitio\/wp-json\/wp\/v2\/posts"}],"about":[{"href":"https:\/\/eldiariodesanpedro.com.ar\/sitio\/wp-json\/wp\/v2\/types\/post"}],"author":[{"embeddable":true,"href":"https:\/\/eldiariodesanpedro.com.ar\/sitio\/wp-json\/wp\/v2\/users\/4"}],"replies":[{"embeddable":true,"href":"https:\/\/eldiariodesanpedro.com.ar\/sitio\/wp-json\/wp\/v2\/comments?post=58033"}],"version-history":[{"count":1,"href":"https:\/\/eldiariodesanpedro.com.ar\/sitio\/wp-json\/wp\/v2\/posts\/58033\/revisions"}],"predecessor-version":[{"id":58037,"href":"https:\/\/eldiariodesanpedro.com.ar\/sitio\/wp-json\/wp\/v2\/posts\/58033\/revisions\/58037"}],"wp:featuredmedia":[{"embeddable":true,"href":"https:\/\/eldiariodesanpedro.com.ar\/sitio\/wp-json\/wp\/v2\/media\/57215"}],"wp:attachment":[{"href":"https:\/\/eldiariodesanpedro.com.ar\/sitio\/wp-json\/wp\/v2\/media?parent=58033"}],"wp:term":[{"taxonomy":"category","embeddable":true,"href":"https:\/\/eldiariodesanpedro.com.ar\/sitio\/wp-json\/wp\/v2\/categories?post=58033"},{"taxonomy":"post_tag","embeddable":true,"href":"https:\/\/eldiariodesanpedro.com.ar\/sitio\/wp-json\/wp\/v2\/tags?post=58033"}],"curies":[{"name":"wp","href":"https:\/\/api.w.org\/{rel}","templated":true}]}}