{"id":58030,"date":"2019-08-13T10:40:43","date_gmt":"2019-08-13T13:40:43","guid":{"rendered":"https:\/\/eldiariodesanpedro.com.ar\/sitio\/?p=58030"},"modified":"2019-08-13T10:40:47","modified_gmt":"2019-08-13T13:40:47","slug":"san-nicolas-excepcional-noche-de-coros-y-proyecciones-deslumbrantes","status":"publish","type":"post","link":"https:\/\/eldiariodesanpedro.com.ar\/sitio\/san-nicolas-excepcional-noche-de-coros-y-proyecciones-deslumbrantes\/","title":{"rendered":"SAN NICOL\u00c1S | Excepcional noche de coros y proyecciones deslumbrantes"},"content":{"rendered":"<!-- VideographyWP Plugin Message: Automatic video embedding prevented by plugin options. -->\n\n<p>Se desarroll\u00f3 la gala Aniversario del Teatro Municipal Rafael de Aguiar con el espect\u00e1culo `Encuentro de Voces y Sentidos\u00b4. Fueron 19 canciones interpretadas por seis coros, en una noche fascinante, con m\u00e1s de 100 voces que colmaron nuestro coliseo de encanto y emoci\u00f3n mientras se desarrollaban proyecciones audiovisuales deslumbrantes.<\/p>\n\n\n\n<p>Las voces de San Nicol\u00e1s se juntaron para este gran encuentro coral. Anoche el Teatro Municipal celebr\u00f3 111 a\u00f1os de intensa e ininterrumpida actividad cultural con una gala en la que participaron seis coros, sumando m\u00e1s de 100 voces en este hist\u00f3rico escenario, que se visti\u00f3 de gala con una producci\u00f3n audiovisual especialmente preparada para la ocasi\u00f3n. Participaron el Coro Estable de San Nicol\u00e1s, bajo la direcci\u00f3n de Gonzalo Mart\u00edn; el Coro de la Escuela de La Paz y La Emilia Coral, con direcci\u00f3n de Andrea Wagner; el Coro Allegro, dirigido por Romina Regalado; Coral Somisa, con direcci\u00f3n de Juli\u00e1n Sisterna; el Coro Errekatarrak, bajo la direcci\u00f3n de Jorge Menna y Salus Cantare, conducido por Mart\u00edn Faccio. Por supuesto, acompa\u00f1ados por un p\u00fablico muy especial. Se present\u00f3 un din\u00e1mico abanico de propuestas musicales, donde convivieron el sonido de la m\u00fasica cl\u00e1sica junto a obras del g\u00e9nero popular como el tango y el folclore, incluyendo adem\u00e1s autores cl\u00e1sicos del rock nacional como Charly Garc\u00eda. En paralelo, se desarroll\u00f3 una extraordinaria puesta de iluminaci\u00f3n y pantallas led que sirvieron como un complemento muy especial a este espect\u00e1culo de gran jerarqu\u00eda. El broche de oro de la noche fue el momento del cierre, cuando se reunieron en el escenario la totalidad de las agrupaciones corales cantando juntas sobre el escenario.<\/p>\n\n\n\n<p>Fuente: Diario El Norte<\/p>\n","protected":false},"excerpt":{"rendered":"<p>Se desarroll\u00f3 la gala Aniversario del Teatro Municipal Rafael de Aguiar con el espect\u00e1culo `Encuentro de Voces y Sentidos\u00b4. Fueron 19 canciones interpretadas por seis coros, en una noche fascinante, con m\u00e1s de 100 voces que colmaron nuestro coliseo de encanto y emoci\u00f3n mientras se desarrollaban proyecciones audiovisuales deslumbrantes. Las voces de San Nicol\u00e1s se [&hellip;]<\/p>\n","protected":false},"author":4,"featured_media":58031,"comment_status":"open","ping_status":"closed","sticky":false,"template":"","format":"standard","meta":{"om_disable_all_campaigns":false,"_jetpack_memberships_contains_paid_content":false,"footnotes":""},"categories":[621],"tags":[],"class_list":["post-58030","post","type-post","status-publish","format-standard","has-post-thumbnail","hentry","category-regionales"],"aioseo_notices":[],"gutentor_comment":0,"jetpack_featured_media_url":"https:\/\/eldiariodesanpedro.com.ar\/sitio\/wp-content\/uploads\/2019\/08\/0_3_6.jpg","jetpack_shortlink":"https:\/\/wp.me\/p6RhLt-f5Y","jetpack_sharing_enabled":true,"_links":{"self":[{"href":"https:\/\/eldiariodesanpedro.com.ar\/sitio\/wp-json\/wp\/v2\/posts\/58030","targetHints":{"allow":["GET"]}}],"collection":[{"href":"https:\/\/eldiariodesanpedro.com.ar\/sitio\/wp-json\/wp\/v2\/posts"}],"about":[{"href":"https:\/\/eldiariodesanpedro.com.ar\/sitio\/wp-json\/wp\/v2\/types\/post"}],"author":[{"embeddable":true,"href":"https:\/\/eldiariodesanpedro.com.ar\/sitio\/wp-json\/wp\/v2\/users\/4"}],"replies":[{"embeddable":true,"href":"https:\/\/eldiariodesanpedro.com.ar\/sitio\/wp-json\/wp\/v2\/comments?post=58030"}],"version-history":[{"count":1,"href":"https:\/\/eldiariodesanpedro.com.ar\/sitio\/wp-json\/wp\/v2\/posts\/58030\/revisions"}],"predecessor-version":[{"id":58032,"href":"https:\/\/eldiariodesanpedro.com.ar\/sitio\/wp-json\/wp\/v2\/posts\/58030\/revisions\/58032"}],"wp:featuredmedia":[{"embeddable":true,"href":"https:\/\/eldiariodesanpedro.com.ar\/sitio\/wp-json\/wp\/v2\/media\/58031"}],"wp:attachment":[{"href":"https:\/\/eldiariodesanpedro.com.ar\/sitio\/wp-json\/wp\/v2\/media?parent=58030"}],"wp:term":[{"taxonomy":"category","embeddable":true,"href":"https:\/\/eldiariodesanpedro.com.ar\/sitio\/wp-json\/wp\/v2\/categories?post=58030"},{"taxonomy":"post_tag","embeddable":true,"href":"https:\/\/eldiariodesanpedro.com.ar\/sitio\/wp-json\/wp\/v2\/tags?post=58030"}],"curies":[{"name":"wp","href":"https:\/\/api.w.org\/{rel}","templated":true}]}}