{"id":58027,"date":"2019-08-13T10:34:39","date_gmt":"2019-08-13T13:34:39","guid":{"rendered":"https:\/\/eldiariodesanpedro.com.ar\/sitio\/?p=58027"},"modified":"2019-08-13T10:34:43","modified_gmt":"2019-08-13T13:34:43","slug":"escobar-por-deudas-en-el-impuesto-inmobiliario-arba-embargo-a-la-fiesta-de-la-flor","status":"publish","type":"post","link":"https:\/\/eldiariodesanpedro.com.ar\/sitio\/escobar-por-deudas-en-el-impuesto-inmobiliario-arba-embargo-a-la-fiesta-de-la-flor\/","title":{"rendered":"ESCOBAR | Por deudas en el impuesto inmobiliario, ARBA embarg\u00f3 a la Fiesta de la Flor"},"content":{"rendered":"<!-- VideographyWP Plugin Message: Automatic video embedding prevented by plugin options. -->\n\n<p>Hist\u00f3ricamente la entidad hab\u00eda estado exenta de pagar ese tributo, pero la agencia provincial de recaudaci\u00f3n decidi\u00f3 bloquear sus cuentas para cobrarle. Una gesti\u00f3n del intendente Ariel Sujarchuk logr\u00f3 que levantara la medida.<\/p>\n\n\n\n<p>A poco m\u00e1s de un mes de su 56\u00ba edici\u00f3n, la Fiesta Nacional de la Flor recibi\u00f3 una noticia que sorprendi\u00f3 y angusti\u00f3 a sus autoridades: la Agencia de Recaudaci\u00f3n de la provincia de Buenos Aires (ARBA) embarg\u00f3 sus cuentas por deudas en el pago del impuesto inmobiliario.<\/p>\n\n\n\n<p>El monto total reclamado por la agencia estatal orillar\u00eda el mill\u00f3n y medio de pesos, seg\u00fan pudo saber&nbsp;El D\u00eda de Escobar. Es en concepto del impuesto inmobiliario por el predio que la entidad tiene en Gelves al 1050, donde anualmente se realiza la exposici\u00f3n floral y funciona su colegio secundario.<\/p>\n\n\n\n<p>Dada su condici\u00f3n de asociaci\u00f3n civil sin fines de lucro, la Fiesta de la Flor hist\u00f3ricamente estuvo exenta del pago de ese tributo, seg\u00fan explic\u00f3 a este medio un directivo. Sin embargo, la actual gesti\u00f3n provincial decidi\u00f3 reclamar las cuotas de los \u00faltimos a\u00f1os y trab\u00f3 un embargo a las cuentas de la entidad.<\/p>\n\n\n\n<p>Ante esta situaci\u00f3n, el presidente de la comisi\u00f3n, Tetsuya Hirose, acudi\u00f3 al intendente Ariel Sujarchuk, quien se comprometi\u00f3 a interceder. As\u00ed, el jefe comunal se contact\u00f3 con el ministro de Econom\u00eda de la provincia, Hern\u00e1n Lacunza, y con el director ejecutivo de ARBA, Hern\u00e1n Fossati, que accedi\u00f3 a levantar el bloqueo de las cuentas, aunque el reclamo por la deuda seguir\u00eda firme.<\/p>\n\n\n\n<p>De esta manera, al menos, la Fiesta de la Flor podr\u00e1 disponer libremente de sus alica\u00eddos ingresos y comenzar la comercializaci\u00f3n para la muestra que se iniciar\u00e1 el 27 de septiembre. Despu\u00e9s, en todo caso, sus directivos ver\u00e1n c\u00f3mo resolver la situaci\u00f3n con ARBA. Desde ya, la intenci\u00f3n es que el organismo apruebe el pedido de exenci\u00f3n y retire su reclamo por la deuda existente.<\/p>\n\n\n\n<p>Fuente: El D\u00eda de Escobar<\/p>\n","protected":false},"excerpt":{"rendered":"<p>Hist\u00f3ricamente la entidad hab\u00eda estado exenta de pagar ese tributo, pero la agencia provincial de recaudaci\u00f3n decidi\u00f3 bloquear sus cuentas para cobrarle. Una gesti\u00f3n del intendente Ariel Sujarchuk logr\u00f3 que levantara la medida. A poco m\u00e1s de un mes de su 56\u00ba edici\u00f3n, la Fiesta Nacional de la Flor recibi\u00f3 una noticia que sorprendi\u00f3 y [&hellip;]<\/p>\n","protected":false},"author":4,"featured_media":58028,"comment_status":"open","ping_status":"closed","sticky":false,"template":"","format":"standard","meta":{"om_disable_all_campaigns":false,"_jetpack_memberships_contains_paid_content":false,"footnotes":""},"categories":[621],"tags":[],"class_list":["post-58027","post","type-post","status-publish","format-standard","has-post-thumbnail","hentry","category-regionales"],"aioseo_notices":[],"gutentor_comment":0,"jetpack_featured_media_url":"https:\/\/eldiariodesanpedro.com.ar\/sitio\/wp-content\/uploads\/2019\/08\/ff_4.jpg","jetpack_shortlink":"https:\/\/wp.me\/p6RhLt-f5V","jetpack_sharing_enabled":true,"_links":{"self":[{"href":"https:\/\/eldiariodesanpedro.com.ar\/sitio\/wp-json\/wp\/v2\/posts\/58027","targetHints":{"allow":["GET"]}}],"collection":[{"href":"https:\/\/eldiariodesanpedro.com.ar\/sitio\/wp-json\/wp\/v2\/posts"}],"about":[{"href":"https:\/\/eldiariodesanpedro.com.ar\/sitio\/wp-json\/wp\/v2\/types\/post"}],"author":[{"embeddable":true,"href":"https:\/\/eldiariodesanpedro.com.ar\/sitio\/wp-json\/wp\/v2\/users\/4"}],"replies":[{"embeddable":true,"href":"https:\/\/eldiariodesanpedro.com.ar\/sitio\/wp-json\/wp\/v2\/comments?post=58027"}],"version-history":[{"count":1,"href":"https:\/\/eldiariodesanpedro.com.ar\/sitio\/wp-json\/wp\/v2\/posts\/58027\/revisions"}],"predecessor-version":[{"id":58029,"href":"https:\/\/eldiariodesanpedro.com.ar\/sitio\/wp-json\/wp\/v2\/posts\/58027\/revisions\/58029"}],"wp:featuredmedia":[{"embeddable":true,"href":"https:\/\/eldiariodesanpedro.com.ar\/sitio\/wp-json\/wp\/v2\/media\/58028"}],"wp:attachment":[{"href":"https:\/\/eldiariodesanpedro.com.ar\/sitio\/wp-json\/wp\/v2\/media?parent=58027"}],"wp:term":[{"taxonomy":"category","embeddable":true,"href":"https:\/\/eldiariodesanpedro.com.ar\/sitio\/wp-json\/wp\/v2\/categories?post=58027"},{"taxonomy":"post_tag","embeddable":true,"href":"https:\/\/eldiariodesanpedro.com.ar\/sitio\/wp-json\/wp\/v2\/tags?post=58027"}],"curies":[{"name":"wp","href":"https:\/\/api.w.org\/{rel}","templated":true}]}}