{"id":58024,"date":"2019-08-13T10:33:19","date_gmt":"2019-08-13T13:33:19","guid":{"rendered":"https:\/\/eldiariodesanpedro.com.ar\/sitio\/?p=58024"},"modified":"2019-08-13T10:33:23","modified_gmt":"2019-08-13T13:33:23","slug":"baradero-aldo-carossi-las-paso-son-irreversibles-la-gente-ya-eligio-el-peronismo-unido-jamas-sera-vencido","status":"publish","type":"post","link":"https:\/\/eldiariodesanpedro.com.ar\/sitio\/baradero-aldo-carossi-las-paso-son-irreversibles-la-gente-ya-eligio-el-peronismo-unido-jamas-sera-vencido\/","title":{"rendered":"BARADERO | Aldo Carossi : \u201cLas PASO son irreversibles\u2026 la gente ya eligi\u00f3\u201d El Peronismo unido jamas sera vencido."},"content":{"rendered":"<!-- VideographyWP Plugin Message: Automatic video embedding prevented by plugin options. -->\n\n<p>Dialogamos en la ma\u00f1ana de la radio con el presidente del PJ, Aldo Carossi,sobre su lectura del d\u00eda despu\u00e9s de las PASO.<\/p>\n\n\n\n<p>La gente hablo,lo demostr\u00f3\u2026 fue un voto en contra del gobierno soberbio e hip\u00f3crita que tuvimos, las PASO son irreversibles .<\/p>\n\n\n\n<p>Fue la consecuencia de un gobierno an\u00e1rquico, no se como vamos a llegar a diciembre\u2026<\/p>\n\n\n\n<p>A nivel local vamos a estar b\u00e1rbaro, vamos a estar todos juntos.<\/p>\n\n\n\n<p>Fuente: Tiempo Noticias <\/p>\n","protected":false},"excerpt":{"rendered":"<p>Dialogamos en la ma\u00f1ana de la radio con el presidente del PJ, Aldo Carossi,sobre su lectura del d\u00eda despu\u00e9s de las PASO. La gente hablo,lo demostr\u00f3\u2026 fue un voto en contra del gobierno soberbio e hip\u00f3crita que tuvimos, las PASO son irreversibles . Fue la consecuencia de un gobierno an\u00e1rquico, no se como vamos a [&hellip;]<\/p>\n","protected":false},"author":4,"featured_media":58025,"comment_status":"open","ping_status":"closed","sticky":false,"template":"","format":"standard","meta":{"om_disable_all_campaigns":false,"_jetpack_memberships_contains_paid_content":false,"footnotes":""},"categories":[621],"tags":[],"class_list":["post-58024","post","type-post","status-publish","format-standard","has-post-thumbnail","hentry","category-regionales"],"aioseo_notices":[],"gutentor_comment":0,"jetpack_featured_media_url":"https:\/\/eldiariodesanpedro.com.ar\/sitio\/wp-content\/uploads\/2019\/08\/carossi-baradero.jpg","jetpack_shortlink":"https:\/\/wp.me\/p6RhLt-f5S","jetpack_sharing_enabled":true,"_links":{"self":[{"href":"https:\/\/eldiariodesanpedro.com.ar\/sitio\/wp-json\/wp\/v2\/posts\/58024","targetHints":{"allow":["GET"]}}],"collection":[{"href":"https:\/\/eldiariodesanpedro.com.ar\/sitio\/wp-json\/wp\/v2\/posts"}],"about":[{"href":"https:\/\/eldiariodesanpedro.com.ar\/sitio\/wp-json\/wp\/v2\/types\/post"}],"author":[{"embeddable":true,"href":"https:\/\/eldiariodesanpedro.com.ar\/sitio\/wp-json\/wp\/v2\/users\/4"}],"replies":[{"embeddable":true,"href":"https:\/\/eldiariodesanpedro.com.ar\/sitio\/wp-json\/wp\/v2\/comments?post=58024"}],"version-history":[{"count":1,"href":"https:\/\/eldiariodesanpedro.com.ar\/sitio\/wp-json\/wp\/v2\/posts\/58024\/revisions"}],"predecessor-version":[{"id":58026,"href":"https:\/\/eldiariodesanpedro.com.ar\/sitio\/wp-json\/wp\/v2\/posts\/58024\/revisions\/58026"}],"wp:featuredmedia":[{"embeddable":true,"href":"https:\/\/eldiariodesanpedro.com.ar\/sitio\/wp-json\/wp\/v2\/media\/58025"}],"wp:attachment":[{"href":"https:\/\/eldiariodesanpedro.com.ar\/sitio\/wp-json\/wp\/v2\/media?parent=58024"}],"wp:term":[{"taxonomy":"category","embeddable":true,"href":"https:\/\/eldiariodesanpedro.com.ar\/sitio\/wp-json\/wp\/v2\/categories?post=58024"},{"taxonomy":"post_tag","embeddable":true,"href":"https:\/\/eldiariodesanpedro.com.ar\/sitio\/wp-json\/wp\/v2\/tags?post=58024"}],"curies":[{"name":"wp","href":"https:\/\/api.w.org\/{rel}","templated":true}]}}