{"id":58020,"date":"2019-08-13T10:29:54","date_gmt":"2019-08-13T13:29:54","guid":{"rendered":"https:\/\/eldiariodesanpedro.com.ar\/sitio\/?p=58020"},"modified":"2019-08-13T10:29:58","modified_gmt":"2019-08-13T13:29:58","slug":"campana-incendio-centrico-deja-importantes-perdidas","status":"publish","type":"post","link":"https:\/\/eldiariodesanpedro.com.ar\/sitio\/campana-incendio-centrico-deja-importantes-perdidas\/","title":{"rendered":"CAMPANA | Incendio c\u00e9ntrico deja importantes p\u00e9rdidas"},"content":{"rendered":"<!-- VideographyWP Plugin Message: Automatic video embedding prevented by plugin options. -->\n\n<p> Ocurri\u00f3 en una vivienda de calle 25 de Mayo y Almirante Brown. Un cortocircuito habr\u00eda desencadenado las primeras llamas, que se extendieron por el techo de machimbre hasta alcanzar varios sectores del lugar. Tres dotaciones de Bomberos trabajaron en el lugar.<\/p>\n\n\n\n<p>\n\nCerca de las 23 horas del Domingo, un incendio tom\u00f3 por sorpresa al inquilino de una vivienda en las calles 25 de mayo y Almirante Brown.<\/p>\n\n\n\n<p>El lugar era habitado por Carlos Acosta. Al parecer, el fuego se habr\u00eda originado por un cortocircuito en una habitaci\u00f3n. Las llamas se propagaron por el techo de machimbre, arrasando con dos habitaciones, alcanzando un ba\u00f1o y parte de la cocina.<\/p>\n\n\n\n<p>Al lugar arribaron los m\u00f3viles 43, 41 y 48 de bomberos, a cargo del Oficial Auxiliar Sebasti\u00e1n Lauque. Los servidores p\u00fablicos sofocaron el siniestro y realizaron la ventilaci\u00f3n del lugar.<\/p>\n\n\n\n<p>Seg\u00fan se estim\u00f3, las p\u00e9rdidas fueron pr\u00e1cticamente totales. Se hizo presente en el lugar el m\u00f3vil zona 3 del CP local. <\/p>\n\n\n\n<p>Fuente: Campana Noticias<\/p>\n\n\n\n<figure class=\"wp-block-image\"><img decoding=\"async\" width=\"910\" height=\"442\" data-attachment-id=\"58022\" data-permalink=\"https:\/\/eldiariodesanpedro.com.ar\/sitio\/campana-incendio-centrico-deja-importantes-perdidas\/attachment\/20190812084843\/\" data-orig-file=\"https:\/\/eldiariodesanpedro.com.ar\/sitio\/wp-content\/uploads\/2019\/08\/20190812084843.jpg\" data-orig-size=\"910,442\" data-comments-opened=\"1\" data-image-meta=\"{&quot;aperture&quot;:&quot;0&quot;,&quot;credit&quot;:&quot;&quot;,&quot;camera&quot;:&quot;&quot;,&quot;caption&quot;:&quot;&quot;,&quot;created_timestamp&quot;:&quot;0&quot;,&quot;copyright&quot;:&quot;&quot;,&quot;focal_length&quot;:&quot;0&quot;,&quot;iso&quot;:&quot;0&quot;,&quot;shutter_speed&quot;:&quot;0&quot;,&quot;title&quot;:&quot;&quot;,&quot;orientation&quot;:&quot;0&quot;}\" data-image-title=\"20190812084843\" data-image-description=\"\" data-image-caption=\"\" data-large-file=\"https:\/\/eldiariodesanpedro.com.ar\/sitio\/wp-content\/uploads\/2019\/08\/20190812084843.jpg\" data-src=\"https:\/\/eldiariodesanpedro.com.ar\/sitio\/wp-content\/uploads\/2019\/08\/20190812084843.jpg\" alt=\"\" class=\"wp-image-58022 lazyload\" data-srcset=\"https:\/\/eldiariodesanpedro.com.ar\/sitio\/wp-content\/uploads\/2019\/08\/20190812084843.jpg 910w, https:\/\/eldiariodesanpedro.com.ar\/sitio\/wp-content\/uploads\/2019\/08\/20190812084843-300x146.jpg 300w, https:\/\/eldiariodesanpedro.com.ar\/sitio\/wp-content\/uploads\/2019\/08\/20190812084843-768x373.jpg 768w\" data-sizes=\"(max-width: 910px) 100vw, 910px\" src=\"data:image\/svg+xml;base64,PHN2ZyB3aWR0aD0iMSIgaGVpZ2h0PSIxIiB4bWxucz0iaHR0cDovL3d3dy53My5vcmcvMjAwMC9zdmciPjwvc3ZnPg==\" style=\"--smush-placeholder-width: 910px; --smush-placeholder-aspect-ratio: 910\/442;\" \/><\/figure>\n\n\n\n<p><br><\/p>\n","protected":false},"excerpt":{"rendered":"<p>Ocurri\u00f3 en una vivienda de calle 25 de Mayo y Almirante Brown. Un cortocircuito habr\u00eda desencadenado las primeras llamas, que se extendieron por el techo de machimbre hasta alcanzar varios sectores del lugar. Tres dotaciones de Bomberos trabajaron en el lugar. Cerca de las 23 horas del Domingo, un incendio tom\u00f3 por sorpresa al inquilino [&hellip;]<\/p>\n","protected":false},"author":4,"featured_media":58021,"comment_status":"open","ping_status":"closed","sticky":false,"template":"","format":"standard","meta":{"om_disable_all_campaigns":false,"_jetpack_memberships_contains_paid_content":false,"footnotes":""},"categories":[621],"tags":[],"class_list":["post-58020","post","type-post","status-publish","format-standard","has-post-thumbnail","hentry","category-regionales"],"aioseo_notices":[],"gutentor_comment":0,"jetpack_featured_media_url":"https:\/\/eldiariodesanpedro.com.ar\/sitio\/wp-content\/uploads\/2019\/08\/20190812084731.jpg","jetpack_shortlink":"https:\/\/wp.me\/p6RhLt-f5O","jetpack_sharing_enabled":true,"_links":{"self":[{"href":"https:\/\/eldiariodesanpedro.com.ar\/sitio\/wp-json\/wp\/v2\/posts\/58020","targetHints":{"allow":["GET"]}}],"collection":[{"href":"https:\/\/eldiariodesanpedro.com.ar\/sitio\/wp-json\/wp\/v2\/posts"}],"about":[{"href":"https:\/\/eldiariodesanpedro.com.ar\/sitio\/wp-json\/wp\/v2\/types\/post"}],"author":[{"embeddable":true,"href":"https:\/\/eldiariodesanpedro.com.ar\/sitio\/wp-json\/wp\/v2\/users\/4"}],"replies":[{"embeddable":true,"href":"https:\/\/eldiariodesanpedro.com.ar\/sitio\/wp-json\/wp\/v2\/comments?post=58020"}],"version-history":[{"count":1,"href":"https:\/\/eldiariodesanpedro.com.ar\/sitio\/wp-json\/wp\/v2\/posts\/58020\/revisions"}],"predecessor-version":[{"id":58023,"href":"https:\/\/eldiariodesanpedro.com.ar\/sitio\/wp-json\/wp\/v2\/posts\/58020\/revisions\/58023"}],"wp:featuredmedia":[{"embeddable":true,"href":"https:\/\/eldiariodesanpedro.com.ar\/sitio\/wp-json\/wp\/v2\/media\/58021"}],"wp:attachment":[{"href":"https:\/\/eldiariodesanpedro.com.ar\/sitio\/wp-json\/wp\/v2\/media?parent=58020"}],"wp:term":[{"taxonomy":"category","embeddable":true,"href":"https:\/\/eldiariodesanpedro.com.ar\/sitio\/wp-json\/wp\/v2\/categories?post=58020"},{"taxonomy":"post_tag","embeddable":true,"href":"https:\/\/eldiariodesanpedro.com.ar\/sitio\/wp-json\/wp\/v2\/tags?post=58020"}],"curies":[{"name":"wp","href":"https:\/\/api.w.org\/{rel}","templated":true}]}}