{"id":58017,"date":"2019-08-13T10:22:44","date_gmt":"2019-08-13T13:22:44","guid":{"rendered":"https:\/\/eldiariodesanpedro.com.ar\/sitio\/?p=58017"},"modified":"2019-08-13T10:22:48","modified_gmt":"2019-08-13T13:22:48","slug":"zarate-cayeron-5-profugos-de-la-justicia-en-zarate-campana-por-ir-a-votar","status":"publish","type":"post","link":"https:\/\/eldiariodesanpedro.com.ar\/sitio\/zarate-cayeron-5-profugos-de-la-justicia-en-zarate-campana-por-ir-a-votar\/","title":{"rendered":"Z\u00c1RATE | Cayeron 5 pr\u00f3fugos de la justicia en Z\u00e1rate-Campana por ir a votar"},"content":{"rendered":"<!-- VideographyWP Plugin Message: Automatic video embedding prevented by plugin options. -->\n\n<p><strong>Como suele ocurrir, las elecciones sirvieron para detener a personas con pedido de captura. Los detectives estuvieron atentos a los padrones y en las mesas de escrutinios. La Plata fue el lugar con m\u00e1s aprehensiones: 16<\/strong><\/p>\n\n\n\n<p>Un total de 43 personas que se encontraba pr\u00f3fuga de la Justicia por diferentes delitos fueron detenidas durante la jornada electoral de las PASO 2019 por efectivos de la Polic\u00eda Bonaerense.<\/p>\n\n\n\n<p>En ese sentido, las diferentes DDI llevaron a cabo las detenciones de sujetos que ten\u00edan pedido de captura por abuso sexual, homicidio, violencia familiar, robo calificado, hurto, lesiones, robo, tentativa de homicidio, abuso de arma, Infracci\u00f3n Ley 23.737 (drogas), portaci\u00f3n de arma, entre otros hechos.<\/p>\n\n\n\n<p>La DDI La Plata fue la que m\u00e1s pr\u00f3fugos captur\u00f3, con 16,<strong>&nbsp;mientras que la de Z\u00e1rate-Campana le sigui\u00f3 con 5.<\/strong><\/p>\n\n\n\n<p><strong>Fuente:&nbsp;<\/strong>Noticias Z\u00e1rate Alerta&nbsp;<\/p>\n","protected":false},"excerpt":{"rendered":"<p>Como suele ocurrir, las elecciones sirvieron para detener a personas con pedido de captura. Los detectives estuvieron atentos a los padrones y en las mesas de escrutinios. La Plata fue el lugar con m\u00e1s aprehensiones: 16 Un total de 43 personas que se encontraba pr\u00f3fuga de la Justicia por diferentes delitos fueron detenidas durante la [&hellip;]<\/p>\n","protected":false},"author":4,"featured_media":58018,"comment_status":"open","ping_status":"closed","sticky":false,"template":"","format":"standard","meta":{"om_disable_all_campaigns":false,"_jetpack_memberships_contains_paid_content":false,"footnotes":""},"categories":[621],"tags":[],"class_list":["post-58017","post","type-post","status-publish","format-standard","has-post-thumbnail","hentry","category-regionales"],"aioseo_notices":[],"gutentor_comment":0,"jetpack_featured_media_url":"https:\/\/eldiariodesanpedro.com.ar\/sitio\/wp-content\/uploads\/2019\/08\/20190812090631_aaa.jpg","jetpack_shortlink":"https:\/\/wp.me\/p6RhLt-f5L","jetpack_sharing_enabled":true,"_links":{"self":[{"href":"https:\/\/eldiariodesanpedro.com.ar\/sitio\/wp-json\/wp\/v2\/posts\/58017","targetHints":{"allow":["GET"]}}],"collection":[{"href":"https:\/\/eldiariodesanpedro.com.ar\/sitio\/wp-json\/wp\/v2\/posts"}],"about":[{"href":"https:\/\/eldiariodesanpedro.com.ar\/sitio\/wp-json\/wp\/v2\/types\/post"}],"author":[{"embeddable":true,"href":"https:\/\/eldiariodesanpedro.com.ar\/sitio\/wp-json\/wp\/v2\/users\/4"}],"replies":[{"embeddable":true,"href":"https:\/\/eldiariodesanpedro.com.ar\/sitio\/wp-json\/wp\/v2\/comments?post=58017"}],"version-history":[{"count":1,"href":"https:\/\/eldiariodesanpedro.com.ar\/sitio\/wp-json\/wp\/v2\/posts\/58017\/revisions"}],"predecessor-version":[{"id":58019,"href":"https:\/\/eldiariodesanpedro.com.ar\/sitio\/wp-json\/wp\/v2\/posts\/58017\/revisions\/58019"}],"wp:featuredmedia":[{"embeddable":true,"href":"https:\/\/eldiariodesanpedro.com.ar\/sitio\/wp-json\/wp\/v2\/media\/58018"}],"wp:attachment":[{"href":"https:\/\/eldiariodesanpedro.com.ar\/sitio\/wp-json\/wp\/v2\/media?parent=58017"}],"wp:term":[{"taxonomy":"category","embeddable":true,"href":"https:\/\/eldiariodesanpedro.com.ar\/sitio\/wp-json\/wp\/v2\/categories?post=58017"},{"taxonomy":"post_tag","embeddable":true,"href":"https:\/\/eldiariodesanpedro.com.ar\/sitio\/wp-json\/wp\/v2\/tags?post=58017"}],"curies":[{"name":"wp","href":"https:\/\/api.w.org\/{rel}","templated":true}]}}