{"id":58014,"date":"2019-08-13T10:20:29","date_gmt":"2019-08-13T13:20:29","guid":{"rendered":"https:\/\/eldiariodesanpedro.com.ar\/sitio\/?p=58014"},"modified":"2019-08-13T10:20:33","modified_gmt":"2019-08-13T13:20:33","slug":"zarate-se-incendio-una-maquina-del-corralon-municipal","status":"publish","type":"post","link":"https:\/\/eldiariodesanpedro.com.ar\/sitio\/zarate-se-incendio-una-maquina-del-corralon-municipal\/","title":{"rendered":"Z\u00c1RATE | Se incendi\u00f3 una m\u00e1quina del corral\u00f3n municipal"},"content":{"rendered":"<!-- VideographyWP Plugin Message: Automatic video embedding prevented by plugin options. -->\n\n<p>Trabajadores del corral\u00f3n municipal hicieron p\u00fablico un video donde una m\u00e1quina se prendi\u00f3 fuego en plena playa de maniobras.<\/p>\n\n\n\n<p>El incendio se produjo alrededor de las 17:45 de la tarde del lunes en el momento que los trabajadores se dispon\u00edan a finalizar la jornada laboral.<\/p>\n\n\n\n<p>Lo que informaron los trabajadores es que no hubo heridos y que los motivos del incendio a\u00fan son inciertos.<\/p>\n\n\n\n<p>Fuente: Impacto Local<\/p>\n","protected":false},"excerpt":{"rendered":"<p>Trabajadores del corral\u00f3n municipal hicieron p\u00fablico un video donde una m\u00e1quina se prendi\u00f3 fuego en plena playa de maniobras. El incendio se produjo alrededor de las 17:45 de la tarde del lunes en el momento que los trabajadores se dispon\u00edan a finalizar la jornada laboral. Lo que informaron los trabajadores es que no hubo heridos [&hellip;]<\/p>\n","protected":false},"author":4,"featured_media":58015,"comment_status":"open","ping_status":"closed","sticky":false,"template":"","format":"standard","meta":{"om_disable_all_campaigns":false,"_jetpack_memberships_contains_paid_content":false,"footnotes":""},"categories":[621],"tags":[],"class_list":["post-58014","post","type-post","status-publish","format-standard","has-post-thumbnail","hentry","category-regionales"],"aioseo_notices":[],"gutentor_comment":0,"jetpack_featured_media_url":"https:\/\/eldiariodesanpedro.com.ar\/sitio\/wp-content\/uploads\/2019\/08\/maquina.jpg","jetpack_shortlink":"https:\/\/wp.me\/p6RhLt-f5I","jetpack_sharing_enabled":true,"_links":{"self":[{"href":"https:\/\/eldiariodesanpedro.com.ar\/sitio\/wp-json\/wp\/v2\/posts\/58014","targetHints":{"allow":["GET"]}}],"collection":[{"href":"https:\/\/eldiariodesanpedro.com.ar\/sitio\/wp-json\/wp\/v2\/posts"}],"about":[{"href":"https:\/\/eldiariodesanpedro.com.ar\/sitio\/wp-json\/wp\/v2\/types\/post"}],"author":[{"embeddable":true,"href":"https:\/\/eldiariodesanpedro.com.ar\/sitio\/wp-json\/wp\/v2\/users\/4"}],"replies":[{"embeddable":true,"href":"https:\/\/eldiariodesanpedro.com.ar\/sitio\/wp-json\/wp\/v2\/comments?post=58014"}],"version-history":[{"count":1,"href":"https:\/\/eldiariodesanpedro.com.ar\/sitio\/wp-json\/wp\/v2\/posts\/58014\/revisions"}],"predecessor-version":[{"id":58016,"href":"https:\/\/eldiariodesanpedro.com.ar\/sitio\/wp-json\/wp\/v2\/posts\/58014\/revisions\/58016"}],"wp:featuredmedia":[{"embeddable":true,"href":"https:\/\/eldiariodesanpedro.com.ar\/sitio\/wp-json\/wp\/v2\/media\/58015"}],"wp:attachment":[{"href":"https:\/\/eldiariodesanpedro.com.ar\/sitio\/wp-json\/wp\/v2\/media?parent=58014"}],"wp:term":[{"taxonomy":"category","embeddable":true,"href":"https:\/\/eldiariodesanpedro.com.ar\/sitio\/wp-json\/wp\/v2\/categories?post=58014"},{"taxonomy":"post_tag","embeddable":true,"href":"https:\/\/eldiariodesanpedro.com.ar\/sitio\/wp-json\/wp\/v2\/tags?post=58014"}],"curies":[{"name":"wp","href":"https:\/\/api.w.org\/{rel}","templated":true}]}}