{"id":58011,"date":"2019-08-13T10:03:26","date_gmt":"2019-08-13T13:03:26","guid":{"rendered":"https:\/\/eldiariodesanpedro.com.ar\/sitio\/?p=58011"},"modified":"2019-08-13T10:03:31","modified_gmt":"2019-08-13T13:03:31","slug":"con-98-anos-porota-no-falto-a-ninguna-eleccion","status":"publish","type":"post","link":"https:\/\/eldiariodesanpedro.com.ar\/sitio\/con-98-anos-porota-no-falto-a-ninguna-eleccion\/","title":{"rendered":"Con 98 a\u00f1os \u201cPorota\u201d no falt\u00f3 a ninguna elecci\u00f3n"},"content":{"rendered":"<!-- VideographyWP Plugin Message: Automatic video embedding prevented by plugin options. -->\n\n<p>Concurri\u00f3 a la mesa 115 del jard\u00edn 901. Fue la sampedrina de mayor edad en emitir su voto el domingo.<br><\/p>\n\n\n\n<p>Cada vez que se desarrolla una jornada electoral aparecen detalles y an\u00e9cdotas que sorprenden y llaman la atenci\u00f3n. Uno fue el caso de \u201cPorota\u201d, una mujer de 98 a\u00f1os que concurri\u00f3 a votar y se transform\u00f3 en la sampedrina de m\u00e1s edad en participar de la jornada electoral.<\/p>\n\n\n\n<p>La mujer vot\u00f3 en la mesa 115 del jard\u00edn 901 y arrib\u00f3 junto a familiares pasado el mediod\u00eda del domingo.<\/p>\n\n\n\n<p>\u201cSiempre vot\u00e9, nunca dej\u00e9 de votar\u201d, cont\u00f3 \u201cPorota\u201d ni bien lleg\u00f3 al jard\u00edn.<\/p>\n\n\n\n<p>\u201cRecuerdo que la primera vez que fui a votar fue en la escuela 7, estaban todos con las escopetas, a mi marido lo hicieron salir dici\u00e9ndole que ya hab\u00eda votado y eran mentiras, en cambio yo no sab\u00eda c\u00f3mo se hac\u00eda, entr\u00e9 al sal\u00f3n y me tuvieron que golpear la puerta porque no sal\u00eda, pero yo no encontraba la urna\u201d, cont\u00f3 entre carcajadas.<\/p>\n\n\n\n<p>\u201cLa elecci\u00f3n anterior vot\u00e9 en la escuela de Matadero, y ahora me toc\u00f3 en este jard\u00edn, pero no falt\u00e9 nunca, y si no me van a tener que llevar la urna a mi casa\u201d, advirti\u00f3 \u201cPorota\u201d.<\/p>\n\n\n\n<p>\u201cA m\u00ed me gusta venir a votar, en octubre voy a volver. Yo estuve esperando este d\u00eda con una ansiedad b\u00e1rbara durante toda la semana\u201d. \u00a0<\/p>\n\n\n\n<p>Fuente: San Pedro Informa<\/p>\n","protected":false},"excerpt":{"rendered":"<p>Concurri\u00f3 a la mesa 115 del jard\u00edn 901. Fue la sampedrina de mayor edad en emitir su voto el domingo. Cada vez que se desarrolla una jornada electoral aparecen detalles y an\u00e9cdotas que sorprenden y llaman la atenci\u00f3n. Uno fue el caso de \u201cPorota\u201d, una mujer de 98 a\u00f1os que concurri\u00f3 a votar y se [&hellip;]<\/p>\n","protected":false},"author":4,"featured_media":58012,"comment_status":"open","ping_status":"closed","sticky":false,"template":"","format":"standard","meta":{"om_disable_all_campaigns":false,"_jetpack_memberships_contains_paid_content":false,"footnotes":""},"categories":[101,2],"tags":[],"class_list":["post-58011","post","type-post","status-publish","format-standard","has-post-thumbnail","hentry","category-interes-general-locales","category-locales"],"aioseo_notices":[],"gutentor_comment":0,"jetpack_featured_media_url":"https:\/\/eldiariodesanpedro.com.ar\/sitio\/wp-content\/uploads\/2019\/08\/000079114.jpg","jetpack_shortlink":"https:\/\/wp.me\/p6RhLt-f5F","jetpack_sharing_enabled":true,"_links":{"self":[{"href":"https:\/\/eldiariodesanpedro.com.ar\/sitio\/wp-json\/wp\/v2\/posts\/58011","targetHints":{"allow":["GET"]}}],"collection":[{"href":"https:\/\/eldiariodesanpedro.com.ar\/sitio\/wp-json\/wp\/v2\/posts"}],"about":[{"href":"https:\/\/eldiariodesanpedro.com.ar\/sitio\/wp-json\/wp\/v2\/types\/post"}],"author":[{"embeddable":true,"href":"https:\/\/eldiariodesanpedro.com.ar\/sitio\/wp-json\/wp\/v2\/users\/4"}],"replies":[{"embeddable":true,"href":"https:\/\/eldiariodesanpedro.com.ar\/sitio\/wp-json\/wp\/v2\/comments?post=58011"}],"version-history":[{"count":1,"href":"https:\/\/eldiariodesanpedro.com.ar\/sitio\/wp-json\/wp\/v2\/posts\/58011\/revisions"}],"predecessor-version":[{"id":58013,"href":"https:\/\/eldiariodesanpedro.com.ar\/sitio\/wp-json\/wp\/v2\/posts\/58011\/revisions\/58013"}],"wp:featuredmedia":[{"embeddable":true,"href":"https:\/\/eldiariodesanpedro.com.ar\/sitio\/wp-json\/wp\/v2\/media\/58012"}],"wp:attachment":[{"href":"https:\/\/eldiariodesanpedro.com.ar\/sitio\/wp-json\/wp\/v2\/media?parent=58011"}],"wp:term":[{"taxonomy":"category","embeddable":true,"href":"https:\/\/eldiariodesanpedro.com.ar\/sitio\/wp-json\/wp\/v2\/categories?post=58011"},{"taxonomy":"post_tag","embeddable":true,"href":"https:\/\/eldiariodesanpedro.com.ar\/sitio\/wp-json\/wp\/v2\/tags?post=58011"}],"curies":[{"name":"wp","href":"https:\/\/api.w.org\/{rel}","templated":true}]}}