{"id":58008,"date":"2019-08-13T09:45:44","date_gmt":"2019-08-13T12:45:44","guid":{"rendered":"https:\/\/eldiariodesanpedro.com.ar\/sitio\/?p=58008"},"modified":"2019-08-13T09:45:48","modified_gmt":"2019-08-13T12:45:48","slug":"baradero-convocan-a-firmar-un-petitorio-por-la-falta-de-camas-para-internacion-en-baradero","status":"publish","type":"post","link":"https:\/\/eldiariodesanpedro.com.ar\/sitio\/baradero-convocan-a-firmar-un-petitorio-por-la-falta-de-camas-para-internacion-en-baradero\/","title":{"rendered":"BARADERO: Convocan a firmar un petitorio por la falta de camas para internaci\u00f3n en Baradero!!!"},"content":{"rendered":"<!-- VideographyWP Plugin Message: Automatic video embedding prevented by plugin options. -->\n\n<p>Mirta Urquiza y Mabel Cueco, dos ciudadanas baraderenses preocupadas por hechos reales graves que han ocurrido por la falta de camas para internaci\u00f3n tanto en el Hospital Lino Pi\u00f1eiro como en el Sanatorio OSPREM, visitaron los estudios de LS2 para dar a conocer que est\u00e1n solicitando a todos los vecinos de nuestra ciudad que se acerquen a firmar un petitorio convocando a todos los sectores pol\u00edticos de Baradero a los efectos de que intervengan en forma urgente para lograr una soluci\u00f3n definitiva a este grav\u00edsimo problema.<\/p>\n\n\n\n<p>Entre otras cosas expresaron: \u201cLa cantidad de habitantes de esta ciudad se incrementa a\u00f1o tras a\u00f1o. En 1974 exist\u00edan un nosocomio y tres cl\u00ednicas, con una poblaci\u00f3n aproximada de 20.000 habitantes. Hoy se duplic\u00f3 esta cantidad y disminuyeron las cl\u00ednicas. Por lo tanto tambi\u00e9n consideramos necesaria de otro sanatorio para optimizar la calidad de salud.\u201d<\/p>\n\n\n\n<p>FUENTE: BARADERO HOY<\/p>\n","protected":false},"excerpt":{"rendered":"<p>Mirta Urquiza y Mabel Cueco, dos ciudadanas baraderenses preocupadas por hechos reales graves que han ocurrido por la falta de camas para internaci\u00f3n tanto en el Hospital Lino Pi\u00f1eiro como en el Sanatorio OSPREM, visitaron los estudios de LS2 para dar a conocer que est\u00e1n solicitando a todos los vecinos de nuestra ciudad que se [&hellip;]<\/p>\n","protected":false},"author":4,"featured_media":58009,"comment_status":"open","ping_status":"closed","sticky":false,"template":"","format":"standard","meta":{"om_disable_all_campaigns":false,"_jetpack_memberships_contains_paid_content":false,"footnotes":""},"categories":[621],"tags":[],"class_list":["post-58008","post","type-post","status-publish","format-standard","has-post-thumbnail","hentry","category-regionales"],"aioseo_notices":[],"gutentor_comment":0,"jetpack_featured_media_url":"https:\/\/eldiariodesanpedro.com.ar\/sitio\/wp-content\/uploads\/2019\/08\/camas-640x480.jpg","jetpack_shortlink":"https:\/\/wp.me\/p6RhLt-f5C","jetpack_sharing_enabled":true,"_links":{"self":[{"href":"https:\/\/eldiariodesanpedro.com.ar\/sitio\/wp-json\/wp\/v2\/posts\/58008","targetHints":{"allow":["GET"]}}],"collection":[{"href":"https:\/\/eldiariodesanpedro.com.ar\/sitio\/wp-json\/wp\/v2\/posts"}],"about":[{"href":"https:\/\/eldiariodesanpedro.com.ar\/sitio\/wp-json\/wp\/v2\/types\/post"}],"author":[{"embeddable":true,"href":"https:\/\/eldiariodesanpedro.com.ar\/sitio\/wp-json\/wp\/v2\/users\/4"}],"replies":[{"embeddable":true,"href":"https:\/\/eldiariodesanpedro.com.ar\/sitio\/wp-json\/wp\/v2\/comments?post=58008"}],"version-history":[{"count":1,"href":"https:\/\/eldiariodesanpedro.com.ar\/sitio\/wp-json\/wp\/v2\/posts\/58008\/revisions"}],"predecessor-version":[{"id":58010,"href":"https:\/\/eldiariodesanpedro.com.ar\/sitio\/wp-json\/wp\/v2\/posts\/58008\/revisions\/58010"}],"wp:featuredmedia":[{"embeddable":true,"href":"https:\/\/eldiariodesanpedro.com.ar\/sitio\/wp-json\/wp\/v2\/media\/58009"}],"wp:attachment":[{"href":"https:\/\/eldiariodesanpedro.com.ar\/sitio\/wp-json\/wp\/v2\/media?parent=58008"}],"wp:term":[{"taxonomy":"category","embeddable":true,"href":"https:\/\/eldiariodesanpedro.com.ar\/sitio\/wp-json\/wp\/v2\/categories?post=58008"},{"taxonomy":"post_tag","embeddable":true,"href":"https:\/\/eldiariodesanpedro.com.ar\/sitio\/wp-json\/wp\/v2\/tags?post=58008"}],"curies":[{"name":"wp","href":"https:\/\/api.w.org\/{rel}","templated":true}]}}